{"id":1450,"date":"2011-09-06T09:54:56","date_gmt":"2011-09-06T08:54:56","guid":{"rendered":"http:\/\/petaos.net\/?p=1450"},"modified":"2011-09-06T09:54:56","modified_gmt":"2011-09-06T08:54:56","slug":"mg-ruedan-cabezas-en-el-mercado-del-pop-espanol","status":"publish","type":"post","link":"https:\/\/www.manologarciaycia.com\/?p=1450","title":{"rendered":"MG: Ruedan cabezas en el mercado del pop espa\u00f1ol"},"content":{"rendered":"<p>Sony despide al presidente de su filial espa\u00f1ola y la &#8216;instala&#8217; en Miami.<\/p>\n<p>La industria musical espa\u00f1ola va de susto en susto. La pasada semana se filtraba el despido de uno de sus directivos m\u00e1s carism\u00e1ticos, Carlos L\u00f3pez, presidente de Sony Music Spain. Esta discogr\u00e1fica, que recoge el rico legado de BMG Ariola, pasa ahora a depender de la delegaci\u00f3n de Miami; en la \u00faltima d\u00e9cada, estaba integrada en lo que llaman la Oficina de la Regi\u00f3n Europa, con base en Londres.<\/p>\n<p>Considerada como \u00abcompa\u00f1\u00eda de artistas\u00bb, habituada a mantener largas relaciones profesionales, la rama espa\u00f1ola de Sony aloja a gente como Joaqu\u00edn Sabina, Ana Bel\u00e9n, Manolo Garc\u00eda, Estopa, Russian Red, V\u00edctor Manuel, El Canto del Loco, Luis Eduardo Aute, Sidonie, Pereza y, hasta recientemente, Joan Manuel Serrat, Vicente Amigo o Los Planetas. Hist\u00f3ricamente muy abierta hacia el mercado sudamericano, tambi\u00e9n gestion\u00f3 \u00e9xitos mundiales como Macarena, de Los Del R\u00edo, o L\u00e1grimas negras, de El Cigala y Bebo Vald\u00e9s (m\u00e1s de un mill\u00f3n de copias en todo el mundo).<\/p>\n<p>&#8230; seg\u00fan Manolo Garc\u00eda, \u00abrebajar nuestros porcentajes y sus compromisos\u00bb. El antiguo cantante de El \u00daltimo de la Fila, que acaba de grabar en Los \u00c1ngeles, tiene un acuerdo astuto que empuja a la compa\u00f1\u00eda a invertir en sus lanzamientos: si se alcanzan determinadas cifras, la propiedad del master correspondiente pasa a la disquera.<\/p>\n<p><\/p>\n<p>Fuente: El Pais (<a href=\"http:\/\/www.elpais.com\/articulo\/cultura\/Ruedan\/cabezas\/mercado\/pop\/espanol\/elpepicul\/20110906elpepicul_2\/Tes\" target=\"_blank\">enlace<\/a>)<\/p>\n<p>Aunque la plantilla de Sony Music Spain ha quedado reducida a unas 90 personas, todav\u00eda ocupa un edificio en el madrile\u00f1o parque del Conde de Orgaz. Se trata de la herencia de otro naufragio: fue la imponente sede de Discos Columbia, compa\u00f1\u00eda pionera de origen donostiarra. Aparte del cat\u00e1logo de Columbia, Sony Music es la depositaria de los archivos de memorables sellos nacionales como Zafiro o Vergara.<\/p>\n<p>Periodista de formaci\u00f3n, Carlos L\u00f3pez (Madrid, 1957) empez\u00f3 en el departamento de prensa de Hispavox, otra de tantas discogr\u00e1ficas espa\u00f1olas engullidas por las transnacionales. Su trayectoria recuerda la naturaleza abierta del negocio, cuando se pod\u00eda llegar desde abajo hasta la cima.<\/p>\n<p>Presidente de Sony Music Spain desde principios del siglo, L\u00f3pez nunca ha tenido pelos en la lengua. Respondiendo a la sentencia de una juez que hab\u00eda absuelto a un internauta acusado de bajarse 7.000 discos, afirm\u00f3: \u00abSe puede ser juez e imb\u00e9cil\u00bb.<\/p>\n<p>A L\u00f3pez le toc\u00f3 pilotar Sony Music en los peores a\u00f1os posibles. Una de las soluciones que aplic\u00f3 fue la entrada de la compa\u00f1\u00eda en el management de algunos grupos, para participar en los ingresos del directo: \u00abYa no somos discogr\u00e1ficas, ahora nos hemos convertido en compa\u00f1\u00edas de m\u00fasica y buscamos compartir todo lo que genera una carrera en el siglo XXI\u00bb.<\/p>\n<p>Insiste L\u00f3pez en que no se trataba de una especie de impuesto revolucionario: \u00abSi nosotros damos a conocer a artistas nuevos, tenemos que recuperar de alg\u00fan lado. Con las ventas actuales, un disco puede ser un pelotazo pero dar n\u00fameros rojos. Los conciertos, sin embargo, no se pueden piratear\u00bb.<\/p>\n<p>Se desconoce si L\u00f3pez ser\u00e1 reemplazado o si Sony Music Spain ser\u00e1 dirigida desde Florida. Afo Verde, responsable en Miami de la divisi\u00f3n latina, no ha respondido a las insistentes preguntas de este peri\u00f3dico sobre si presenciamos una simple medida de ahorro o el principio de una reestructuraci\u00f3n radical en uno de los mercados m\u00e1s afectados por las descargas gratuitas. Verde se halla precisamente en Espa\u00f1a, haciendo una ronda de visitas a los principales artistas de la escuder\u00eda Sony Music (incluyendo a Julio Iglesias, cuyo contrato depende directamente de la central de Nueva York).<\/p>\n<p>Afo Verde, exitoso productor argentino con querencia por lo tropical, est\u00e1 transmitiendo un doble mensaje. Primero, de tranquilidad: viene del mundo de los artistas -fue m\u00fasico de reggae- y comprende sus preocupaciones. Segundo, una petici\u00f3n de apretarse el cintur\u00f3n, lo que supone, seg\u00fan Manolo Garc\u00eda, \u00abrebajar nuestros porcentajes y sus compromisos\u00bb. El antiguo cantante de El \u00daltimo de la Fila, que acaba de grabar en Los \u00c1ngeles, tiene un acuerdo astuto que empuja a la compa\u00f1\u00eda a invertir en sus lanzamientos: si se alcanzan determinadas cifras, la propiedad del master correspondiente pasa a la disquera.<\/p>\n<p>El inesperado desplazamiento de la sucursal espa\u00f1ola de Sony Music hacia Miami confirma el diagn\u00f3stico del soci\u00f3logo Fr\u00e9deric Martel en su Cultura mainstream (Taurus, 2011). Destaca Martel precisamente como caso ejemplar la \u00abdesaparici\u00f3n lenta\u00bb de Espa\u00f1a en \u00abla cartograf\u00eda de los medios y la industria creativa\u00bb de Am\u00e9rica Latina. Hasta los a\u00f1os ochenta, nuestro pa\u00eds ten\u00eda enorme relevancia en la m\u00fasica popular en castellano: exportaba cantantes y tambi\u00e9n recib\u00eda artistas de la otra orilla, que grababan con m\u00fasicos y productores espa\u00f1oles. La eclosi\u00f3n de Miami como capital cultural de Hispanoam\u00e9rica cambi\u00f3 el sentido de las visitas y aceler\u00f3 el declive del potencial internacional del pop espa\u00f1ol.<\/p>\n<p>Para Jos\u00e9 Mar\u00eda C\u00e1mara, expresidente de Sony Music, la situaci\u00f3n es as\u00ed de delicada: \u00abQuiz\u00e1 la compa\u00f1\u00eda ha dejado de producir talento fresco exportable y eso afecta directamente a los beneficios. Tambi\u00e9n es responsabilidad de algunos artistas, que prefieren vivir confortablemente en vez de arriesgarse a picar piedra por Am\u00e9rica. En el peor de los casos, Sony podr\u00eda dejar de invertir en artistas espa\u00f1oles y su presencia se reducir\u00eda a poco m\u00e1s que un departamento de m\u00e1rketing, para trabajar \u00e9xitos de fuera\u00bb.<\/p>\n","protected":false},"excerpt":{"rendered":"<p>Sony despide al presidente de su filial espa\u00f1ola y la &#8216;instala&#8217; en Miami. La industria musical espa\u00f1ola va de susto en susto. La pasada semana se filtraba el despido de uno de sus directivos m\u00e1s carism\u00e1ticos, Carlos L\u00f3pez, presidente de Sony Music Spain. Esta discogr\u00e1fica, que recoge el rico legado de BMG Ariola, pasa ahora<a class=\"moretag\" href=\"https:\/\/www.manologarciaycia.com\/?p=1450\" title=\"MG: Ruedan cabezas en el mercado del pop espa\u00f1ol\" target=\"_self\" rel=\"follow\"> <font face=arial size=2>[Leer m\u00e1s]<\/font> <\/a><\/p>\n","protected":false},"author":2,"featured_media":0,"comment_status":"closed","ping_status":"closed","sticky":false,"template":"","format":"standard","meta":{"footnotes":""},"categories":[1],"tags":[234],"class_list":["post-1450","post","type-post","status-publish","format-standard","hentry","category-manolo-garcia","tag-manolo-garcia-pais-mercado-espanol-ruedan-cabezas"],"_links":{"self":[{"href":"https:\/\/www.manologarciaycia.com\/index.php?rest_route=\/wp\/v2\/posts\/1450","targetHints":{"allow":["GET"]}}],"collection":[{"href":"https:\/\/www.manologarciaycia.com\/index.php?rest_route=\/wp\/v2\/posts"}],"about":[{"href":"https:\/\/www.manologarciaycia.com\/index.php?rest_route=\/wp\/v2\/types\/post"}],"author":[{"embeddable":true,"href":"https:\/\/www.manologarciaycia.com\/index.php?rest_route=\/wp\/v2\/users\/2"}],"replies":[{"embeddable":true,"href":"https:\/\/www.manologarciaycia.com\/index.php?rest_route=%2Fwp%2Fv2%2Fcomments&post=1450"}],"version-history":[{"count":2,"href":"https:\/\/www.manologarciaycia.com\/index.php?rest_route=\/wp\/v2\/posts\/1450\/revisions"}],"predecessor-version":[{"id":1452,"href":"https:\/\/www.manologarciaycia.com\/index.php?rest_route=\/wp\/v2\/posts\/1450\/revisions\/1452"}],"wp:attachment":[{"href":"https:\/\/www.manologarciaycia.com\/index.php?rest_route=%2Fwp%2Fv2%2Fmedia&parent=1450"}],"wp:term":[{"taxonomy":"category","embeddable":true,"href":"https:\/\/www.manologarciaycia.com\/index.php?rest_route=%2Fwp%2Fv2%2Fcategories&post=1450"},{"taxonomy":"post_tag","embeddable":true,"href":"https:\/\/www.manologarciaycia.com\/index.php?rest_route=%2Fwp%2Fv2%2Ftags&post=1450"}],"curies":[{"name":"wp","href":"https:\/\/api.w.org\/{rel}","templated":true}]}}