{"id":145,"date":"2009-11-26T10:49:47","date_gmt":"2009-11-26T09:49:47","guid":{"rendered":"http:\/\/petaos.net\/?p=145"},"modified":"2009-11-27T09:17:20","modified_gmt":"2009-11-27T08:17:20","slug":"anuario-ornitologico-ciudad-real-colaboracion-mg","status":"publish","type":"post","link":"https:\/\/www.manologarciaycia.com\/?p=145","title":{"rendered":"Anuario Ornitol\u00f3gico Ciudad Real &#8211; Colaboraci\u00f3n MG"},"content":{"rendered":"<p><img loading=\"lazy\" decoding=\"async\" class=\"alignleft\" src=\"http:\/\/img7.imageshack.us\/img7\/3440\/anuario20062007naturain.jpg\" alt=\"\" width=\"320\" height=\"256\" \/><\/p>\n<p>El pasado viernes 6 de Noviembre tuvo lugar la presentaci\u00f3n en el Sal\u00f3n de Actos del Ayuntamiento de Alc\u00e1zar de San Ju\u00e1n del Anuario Ornitol\u00f3gico de Ciudad Real 2006-2007.<\/p>\n<p>Como curiosidad mencionar que la portada del anuario ha sido realizada por el popular m\u00fasico Manolo Garc\u00eda.<\/p>\n<p>Durante el acto, que goz\u00f3 de la presencia de un numeroso p\u00fablico, los editores del Anuario (Fabi\u00e1n Casas, \u00c1ngel Arredondo y Juan L\u00f3pez-Jamar) junto a Benito Montiel realizaron una breve y modesta introducci\u00f3n del contenido del nuevo anuario de Ciudad Real, una herramienta imprescindible para entender la evoluci\u00f3n del universo de las aves y de su (nuestro) entorno natural. En esta edici\u00f3n bianual se han recopilado citas de 317 especies de aves, 5 m\u00e1s que en el anterior anuario.<\/p>\n<p>Las 5 especies que se citan por primera vez en la lista son: Flamenco Chileno, \u00c1nsar Piquicorto, Pato Mandar\u00edn, Ibis Sagrado y \u00c1guila Pomerana. Adem\u00e1s, el lector podr\u00e1 encontrar art\u00edculos sobre aves acu\u00e1ticas y esteparias (las m\u00e1s significativas de la provincia de Ciudad Real), estudios sobre los dormideros de Alimoche Com\u00fan y sobre la relaci\u00f3n entre la densidad de Conejos y la abundancia de Rapaces Diurnas, el \u00faltimo censo de Grullas Comunes en Ciudad Real, y dos interesantes art\u00edculos que vienen a estrenar la nueva secci\u00f3n Forum: \u201cPasi\u00f3n por las plumas\u201d por Javier Muro, y \u201cSugesti\u00f3n y omisi\u00f3n en la observaci\u00f3n de aves: el Vencejo P\u00e1lido\u201d por Pedro J. Cordero y Jos\u00e9 D. Rodr\u00edguez-Teijeiro.<\/p>\n","protected":false},"excerpt":{"rendered":"<p>El pasado viernes 6 de Noviembre tuvo lugar la presentaci\u00f3n en el Sal\u00f3n de Actos del Ayuntamiento de Alc\u00e1zar de San Ju\u00e1n del Anuario Ornitol\u00f3gico de Ciudad Real 2006-2007. Como curiosidad mencionar que la portada del anuario ha sido realizada por el popular m\u00fasico Manolo Garc\u00eda. Durante el acto, que goz\u00f3 de la presencia de<a class=\"moretag\" href=\"https:\/\/www.manologarciaycia.com\/?p=145\" title=\"Anuario Ornitol\u00f3gico Ciudad Real &#8211; Colaboraci\u00f3n MG\" target=\"_self\" rel=\"follow\"> <font face=arial size=2>[Leer m\u00e1s]<\/font> <\/a><\/p>\n","protected":false},"author":2,"featured_media":0,"comment_status":"closed","ping_status":"open","sticky":false,"template":"","format":"standard","meta":{"footnotes":""},"categories":[1],"tags":[38],"class_list":["post-145","post","type-post","status-publish","format-standard","hentry","category-manolo-garcia","tag-manolo-garcia-colaboracion-ecologia"],"_links":{"self":[{"href":"https:\/\/www.manologarciaycia.com\/index.php?rest_route=\/wp\/v2\/posts\/145","targetHints":{"allow":["GET"]}}],"collection":[{"href":"https:\/\/www.manologarciaycia.com\/index.php?rest_route=\/wp\/v2\/posts"}],"about":[{"href":"https:\/\/www.manologarciaycia.com\/index.php?rest_route=\/wp\/v2\/types\/post"}],"author":[{"embeddable":true,"href":"https:\/\/www.manologarciaycia.com\/index.php?rest_route=\/wp\/v2\/users\/2"}],"replies":[{"embeddable":true,"href":"https:\/\/www.manologarciaycia.com\/index.php?rest_route=%2Fwp%2Fv2%2Fcomments&post=145"}],"version-history":[{"count":4,"href":"https:\/\/www.manologarciaycia.com\/index.php?rest_route=\/wp\/v2\/posts\/145\/revisions"}],"predecessor-version":[{"id":156,"href":"https:\/\/www.manologarciaycia.com\/index.php?rest_route=\/wp\/v2\/posts\/145\/revisions\/156"}],"wp:attachment":[{"href":"https:\/\/www.manologarciaycia.com\/index.php?rest_route=%2Fwp%2Fv2%2Fmedia&parent=145"}],"wp:term":[{"taxonomy":"category","embeddable":true,"href":"https:\/\/www.manologarciaycia.com\/index.php?rest_route=%2Fwp%2Fv2%2Fcategories&post=145"},{"taxonomy":"post_tag","embeddable":true,"href":"https:\/\/www.manologarciaycia.com\/index.php?rest_route=%2Fwp%2Fv2%2Ftags&post=145"}],"curies":[{"name":"wp","href":"https:\/\/api.w.org\/{rel}","templated":true}]}}