{"id":1447,"date":"2011-08-26T10:06:37","date_gmt":"2011-08-26T09:06:37","guid":{"rendered":"http:\/\/petaos.net\/?p=1447"},"modified":"2011-08-26T10:07:04","modified_gmt":"2011-08-26T09:07:04","slug":"vibrante-homenaje-a-antonio-vega-en-avila-con-ricardo-marin","status":"publish","type":"post","link":"https:\/\/www.manologarciaycia.com\/?p=1447","title":{"rendered":"Vibrante homenaje a Antonio Vega en \u00c1vila (con Ricardo Mar\u00edn)"},"content":{"rendered":"<p style=\"text-align: center;\"><img loading=\"lazy\" decoding=\"async\" class=\"aligncenter\" src=\"http:\/\/estaticos02.cache.el-mundo.net\/elmundo\/imagenes\/2011\/08\/20\/castillayleon\/1313832951_0.jpg\" alt=\"\" width=\"640\" height=\"275\" \/><\/p>\n<p>Dos a\u00f1os despu\u00e9s de su muerte el 12 de mayo de 2009, Antonio Vega sigue siendo un referente del pop espa\u00f1ol, tal y como pudo comprobarse en la noche del viernes dentro del VI Festival &#8216;\u00c1vila en Clave de Luna&#8217;, que reuni\u00f3 a m\u00e1s de 1.000 personas en el abarrotado recinto del Episcopio.<\/p>\n<p>Esta edici\u00f3n quiso rendir homenaje al que fuera miembro del grupo Nacha Pop, reuniendo a la que fue su banda: Basilio Mart\u00ed, Ricardo Mar\u00edn, Mac Hern\u00e1ndez y Anye Bao.<\/p>\n<p><iframe loading=\"lazy\" width=\"560\" height=\"345\" src=\"http:\/\/www.youtube.com\/embed\/X92Fv-i24SA\" frameborder=\"0\" allowfullscreen><\/iframe><\/p>\n<p> Fuente: El Mundo &#8211; Ricardo Mar\u00edn &#8211;\u00a0<a href=\"http:\/\/www.elmundo.es\/elmundo\/2011\/08\/20\/castillayleon\/1313832951.html\" target=\"_blank\">Enlace<\/a><br \/>\nTodos ellos estuvieron acompa\u00f1ados en diferentes momentos en el escenario por m\u00fasicos como Mayte Pizarro, Nacho L\u00f3pez, Rodrigo P\u00e9rez, Jorge Marazu y Juanjo Ramos, de Los Secretos.<\/p>\n<p>Durante una hora y media, interpretaron 16 temas entre los que figuraban cl\u00e1sicos de Antonio Vega como &#8216;El sitio de mi recreo&#8217;, &#8216;Se dejaba llevar, &#8216;Lucha de gigantes&#8217;, &#8216;Una d\u00e9cima de segundo&#8217; o &#8216;La chica de ayer&#8217;, con la que se puso el colof\u00f3n final con el p\u00fablico puesto en pie y coreando la letra de uno de los mejores temas del pop espa\u00f1ol.<\/p>\n<p>El concierto homenaje tuvo lugar en el Episcopio, al aire libre y en un espacio privilegiado situado en pleno centro de \u00c1vila, junto al lienzo este de la muralla y junto a la Catedral.<\/p>\n<p>El hecho de que la entrada fuera gratuita y que estos d\u00edas la capital abulense se encuentre abarrotada de peregrinos y visitantes, hizo que el recinto registrara un lleno total, con mucha gente que se tuvo que quedar de pie.<\/p>\n<p>La \u00faltima vez que Antonio Vega actu\u00f3 en \u00c1vila, fue en otra edici\u00f3n de &#8216;\u00c1vila en clave de Luna&#8217; que tuvo lugar en el a\u00f1o 2007. Intervino junto al guitarrista y cantante Raimundo Amador.<\/p>\n","protected":false},"excerpt":{"rendered":"<p>Dos a\u00f1os despu\u00e9s de su muerte el 12 de mayo de 2009, Antonio Vega sigue siendo un referente del pop espa\u00f1ol, tal y como pudo comprobarse en la noche del viernes dentro del VI Festival &#8216;\u00c1vila en Clave de Luna&#8217;, que reuni\u00f3 a m\u00e1s de 1.000 personas en el abarrotado recinto del Episcopio. Esta edici\u00f3n<a class=\"moretag\" href=\"https:\/\/www.manologarciaycia.com\/?p=1447\" title=\"Vibrante homenaje a Antonio Vega en \u00c1vila (con Ricardo Mar\u00edn)\" target=\"_self\" rel=\"follow\"> <font face=arial size=2>[Leer m\u00e1s]<\/font> <\/a><\/p>\n","protected":false},"author":2,"featured_media":0,"comment_status":"closed","ping_status":"closed","sticky":false,"template":"","format":"standard","meta":{"footnotes":""},"categories":[23],"tags":[233],"class_list":["post-1447","post","type-post","status-publish","format-standard","hentry","category-otros","tag-ricardo-marin-antonio-vega-avila"],"_links":{"self":[{"href":"https:\/\/www.manologarciaycia.com\/index.php?rest_route=\/wp\/v2\/posts\/1447","targetHints":{"allow":["GET"]}}],"collection":[{"href":"https:\/\/www.manologarciaycia.com\/index.php?rest_route=\/wp\/v2\/posts"}],"about":[{"href":"https:\/\/www.manologarciaycia.com\/index.php?rest_route=\/wp\/v2\/types\/post"}],"author":[{"embeddable":true,"href":"https:\/\/www.manologarciaycia.com\/index.php?rest_route=\/wp\/v2\/users\/2"}],"replies":[{"embeddable":true,"href":"https:\/\/www.manologarciaycia.com\/index.php?rest_route=%2Fwp%2Fv2%2Fcomments&post=1447"}],"version-history":[{"count":2,"href":"https:\/\/www.manologarciaycia.com\/index.php?rest_route=\/wp\/v2\/posts\/1447\/revisions"}],"predecessor-version":[{"id":1449,"href":"https:\/\/www.manologarciaycia.com\/index.php?rest_route=\/wp\/v2\/posts\/1447\/revisions\/1449"}],"wp:attachment":[{"href":"https:\/\/www.manologarciaycia.com\/index.php?rest_route=%2Fwp%2Fv2%2Fmedia&parent=1447"}],"wp:term":[{"taxonomy":"category","embeddable":true,"href":"https:\/\/www.manologarciaycia.com\/index.php?rest_route=%2Fwp%2Fv2%2Fcategories&post=1447"},{"taxonomy":"post_tag","embeddable":true,"href":"https:\/\/www.manologarciaycia.com\/index.php?rest_route=%2Fwp%2Fv2%2Ftags&post=1447"}],"curies":[{"name":"wp","href":"https:\/\/api.w.org\/{rel}","templated":true}]}}