{"id":1436,"date":"2011-07-29T12:55:49","date_gmt":"2011-07-29T11:55:49","guid":{"rendered":"http:\/\/petaos.net\/?p=1436"},"modified":"2011-07-31T09:54:45","modified_gmt":"2011-07-31T08:54:45","slug":"mg-graba-su-nuevo-disco-y-ya-tiene-nuevo-libro","status":"publish","type":"post","link":"https:\/\/www.manologarciaycia.com\/?p=1436","title":{"rendered":"MG: Graba su nuevo disco y ya tiene nuevo libro"},"content":{"rendered":"<p>MANOLO GARC\u00cdA GRABA EN ESPA\u00d1A Y ESTADOS UNIDOS SU NUEVO \u00c1LBUM DE ESTUDIO, QUE SE PUBLICAR\u00c1 EN OTO\u00d1O DE\u00a02011 COINCIDIENDO CON LA PUBLICACI\u00d3N DE SU NUEVO LIBRO \u00abEL FRUTO DE LA RAMA M\u00c1S ALTA\u00bb<\/p>\n<p><img loading=\"lazy\" decoding=\"async\" class=\"aligncenter\" src=\"http:\/\/img810.imageshack.us\/img810\/3069\/elfrutodelaramamsalta.jpg\" alt=\"\" width=\"300\" height=\"313\" \/><\/p>\n<p><strong>El \u00e1lbum<\/strong><br \/>\nManolo Garc\u00eda se encuentra grabando su nuevo disco de estudio, quinto de su carrera en solitario, con canciones in\u00e9ditas. Con el t\u00edtulo a\u00fan por definir, este nuevo \u00e1lbum se graba en Music Lan Recording Studios en Figueres (Girona), habitual en las grabaciones de Manolo Garc\u00eda, y en Ocean Way Recording (Los Angeles), m\u00edticos estudios donde han trabajado generaciones de artistas emblem\u00e1ticos como Frank Sinatra, Nat King Cole, Ray Charles, The Rolling Stones, Eric Clapton, Michael Jackson, Green Day, Radiohead, Joni Mitchell o Red Hot Chili Peppers, por citar solo algunos.<\/p>\n<p>En los estudios Ocean Way de Los Angeles, Manolo Garc\u00eda est\u00e1 grabando con m\u00fasicos de la talla del guitarrista Waddy Wachtel, el bajista Leland Sklar o el bater\u00eda Kenny Aronoff. Son m\u00fasicos que han tocado con Bob Dylan, Keith Richards, James Taylor, Elton John, Stevie Nicks, Jackson Browne, Rolling Stones, Ray Charles, Randy Newman, Rod Stewart, B.B. King, Tom Waits? Instrumentistas veteranos, m\u00fasicos de primer\u00edsimo nivel que colaboran por primera vez con Manolo Garc\u00eda en un \u00e1lbum que ser\u00e1 mezclado en Miami durante el mes de agosto por otro grande: Tom Lord-Alge (The Rolling Stones, Oasis, Peter Gabriel, U2, Coldplay, Julian Cope?).<\/p>\n<p>La publicaci\u00f3n el pr\u00f3ximo oto\u00f1o del nuevo \u00e1lbum de Manolo Garc\u00eda se producir\u00e1 dos a\u00f1os despu\u00e9s de haber finalizado la gira de su anterior disco Saldremos a la lluvia que apareci\u00f3 en 2008 y era el cuarto \u00e1lbum de su carrera en solitario. Antes hab\u00eda lanzado Para que no se duerman mis sentidos (2004), Nunca el tiempo es perdido (2001) y Arena en los bolsillos (1998).<\/p>\n<p><strong>El libro<\/strong><\/p>\n<p>Manolo Garc\u00eda &#8211;\u00a0El fruto de la rama m\u00e1s alta:\u00a0Apuntes de campo de un esc\u00e9ptico participativo.<\/p>\n<p>Lleva en las venas las ansias de expresarse, de comunicar, de ilusionar, de aconsejar a voz en grito que vivamos la vida&#8230; Es un poeta en todo lo que hace: sus cuadros como fogonazos locos, sus canciones y poemas, hechos de detalles y esencias, portadoras de historias profundas, cotidianas, siempre nuevas&#8230;<\/p>\n<p>As\u00ed es Manolo Garc\u00eda y as\u00ed lo podr\u00e9is descubrir en todos sus nuevos proyectos a la vuelta de verano: libro especial, nuevo disco y exposici\u00f3n de pinturas y dibujos.<\/p>\n<p>En El fruto de la rama m\u00e1s alta hay una dosis concentrada de Manolo: escritos, los dibujos y pinturas de los \u00faltimos a\u00f1os y las letras de su \u00faltimo disco.  Fecha de Publicaci\u00f3n: 18 de octubre.<\/p>\n<p>Fuente: Sony BMG<\/p>\n","protected":false},"excerpt":{"rendered":"<p>MANOLO GARC\u00cdA GRABA EN ESPA\u00d1A Y ESTADOS UNIDOS SU NUEVO \u00c1LBUM DE ESTUDIO, QUE SE PUBLICAR\u00c1 EN OTO\u00d1O DE\u00a02011 COINCIDIENDO CON LA PUBLICACI\u00d3N DE SU NUEVO LIBRO \u00abEL FRUTO DE LA RAMA M\u00c1S ALTA\u00bb El \u00e1lbum Manolo Garc\u00eda se encuentra grabando su nuevo disco de estudio, quinto de su carrera en solitario, con canciones in\u00e9ditas.<a class=\"moretag\" href=\"https:\/\/www.manologarciaycia.com\/?p=1436\" title=\"MG: Graba su nuevo disco y ya tiene nuevo libro\" target=\"_self\" rel=\"follow\"> <font face=arial size=2>[Leer m\u00e1s]<\/font> <\/a><\/p>\n","protected":false},"author":2,"featured_media":0,"comment_status":"closed","ping_status":"closed","sticky":false,"template":"","format":"standard","meta":{"footnotes":""},"categories":[1],"tags":[230],"class_list":["post-1436","post","type-post","status-publish","format-standard","hentry","category-manolo-garcia","tag-manolo-garcia-nuevo-disco-2011-libro-fruto-rama-mas-alta"],"_links":{"self":[{"href":"https:\/\/www.manologarciaycia.com\/index.php?rest_route=\/wp\/v2\/posts\/1436","targetHints":{"allow":["GET"]}}],"collection":[{"href":"https:\/\/www.manologarciaycia.com\/index.php?rest_route=\/wp\/v2\/posts"}],"about":[{"href":"https:\/\/www.manologarciaycia.com\/index.php?rest_route=\/wp\/v2\/types\/post"}],"author":[{"embeddable":true,"href":"https:\/\/www.manologarciaycia.com\/index.php?rest_route=\/wp\/v2\/users\/2"}],"replies":[{"embeddable":true,"href":"https:\/\/www.manologarciaycia.com\/index.php?rest_route=%2Fwp%2Fv2%2Fcomments&post=1436"}],"version-history":[{"count":4,"href":"https:\/\/www.manologarciaycia.com\/index.php?rest_route=\/wp\/v2\/posts\/1436\/revisions"}],"predecessor-version":[{"id":1439,"href":"https:\/\/www.manologarciaycia.com\/index.php?rest_route=\/wp\/v2\/posts\/1436\/revisions\/1439"}],"wp:attachment":[{"href":"https:\/\/www.manologarciaycia.com\/index.php?rest_route=%2Fwp%2Fv2%2Fmedia&parent=1436"}],"wp:term":[{"taxonomy":"category","embeddable":true,"href":"https:\/\/www.manologarciaycia.com\/index.php?rest_route=%2Fwp%2Fv2%2Fcategories&post=1436"},{"taxonomy":"post_tag","embeddable":true,"href":"https:\/\/www.manologarciaycia.com\/index.php?rest_route=%2Fwp%2Fv2%2Ftags&post=1436"}],"curies":[{"name":"wp","href":"https:\/\/api.w.org\/{rel}","templated":true}]}}