{"id":1421,"date":"2011-07-26T07:57:20","date_gmt":"2011-07-26T06:57:20","guid":{"rendered":"http:\/\/petaos.net\/?p=1421"},"modified":"2011-07-26T08:00:38","modified_gmt":"2011-07-26T07:00:38","slug":"langa-nuevo-concierto-fiestas-de-gracia","status":"publish","type":"post","link":"https:\/\/www.manologarciaycia.com\/?p=1421","title":{"rendered":"LANGA: Nuevo concierto, Fiestas de Gr\u00e0cia"},"content":{"rendered":"<p>Pr\u00f3ximo concierto de Langa, el d\u00eda 16 de Agosto de 2011 en las Fiestas de Gr\u00e0cia &#8211; C\/ Berga (Barcelona) 23.00h-entrada libre.<\/p>\n<p style=\"text-align: center;\"><img loading=\"lazy\" decoding=\"async\" class=\"aligncenter\" src=\"http:\/\/petaos.net\/Fotografias\/Langa20110521\/3.jpg\" alt=\"\" width=\"614\" height=\"410\" \/><\/p>\n<p>Fuente: Langa &#8211; <a href=\"http:\/\/langanica.wordpress.com\" target=\"_blank\">http:\/\/langanica.wordpress.com\/<\/a><\/p>\n","protected":false},"excerpt":{"rendered":"<p>Pr\u00f3ximo concierto de Langa, el d\u00eda 16 de Agosto de 2011 en las Fiestas de Gr\u00e0cia &#8211; C\/ Berga (Barcelona) 23.00h-entrada libre. Fuente: Langa &#8211; http:\/\/langanica.wordpress.com\/<a class=\"moretag\" href=\"https:\/\/www.manologarciaycia.com\/?p=1421\" title=\"LANGA: Nuevo concierto, Fiestas de Gr\u00e0cia\" target=\"_self\" rel=\"follow\"> <font face=arial size=2>[Leer m\u00e1s]<\/font> <\/a><\/p>\n","protected":false},"author":2,"featured_media":0,"comment_status":"closed","ping_status":"closed","sticky":false,"template":"","format":"standard","meta":{"footnotes":""},"categories":[1],"tags":[],"class_list":["post-1421","post","type-post","status-publish","format-standard","hentry","category-manolo-garcia"],"_links":{"self":[{"href":"https:\/\/www.manologarciaycia.com\/index.php?rest_route=\/wp\/v2\/posts\/1421","targetHints":{"allow":["GET"]}}],"collection":[{"href":"https:\/\/www.manologarciaycia.com\/index.php?rest_route=\/wp\/v2\/posts"}],"about":[{"href":"https:\/\/www.manologarciaycia.com\/index.php?rest_route=\/wp\/v2\/types\/post"}],"author":[{"embeddable":true,"href":"https:\/\/www.manologarciaycia.com\/index.php?rest_route=\/wp\/v2\/users\/2"}],"replies":[{"embeddable":true,"href":"https:\/\/www.manologarciaycia.com\/index.php?rest_route=%2Fwp%2Fv2%2Fcomments&post=1421"}],"version-history":[{"count":2,"href":"https:\/\/www.manologarciaycia.com\/index.php?rest_route=\/wp\/v2\/posts\/1421\/revisions"}],"predecessor-version":[{"id":1423,"href":"https:\/\/www.manologarciaycia.com\/index.php?rest_route=\/wp\/v2\/posts\/1421\/revisions\/1423"}],"wp:attachment":[{"href":"https:\/\/www.manologarciaycia.com\/index.php?rest_route=%2Fwp%2Fv2%2Fmedia&parent=1421"}],"wp:term":[{"taxonomy":"category","embeddable":true,"href":"https:\/\/www.manologarciaycia.com\/index.php?rest_route=%2Fwp%2Fv2%2Fcategories&post=1421"},{"taxonomy":"post_tag","embeddable":true,"href":"https:\/\/www.manologarciaycia.com\/index.php?rest_route=%2Fwp%2Fv2%2Ftags&post=1421"}],"curies":[{"name":"wp","href":"https:\/\/api.w.org\/{rel}","templated":true}]}}