{"id":1409,"date":"2011-07-27T11:45:33","date_gmt":"2011-07-27T10:45:33","guid":{"rendered":"http:\/\/petaos.net\/?p=1409"},"modified":"2011-07-28T11:00:50","modified_gmt":"2011-07-28T10:00:50","slug":"mg-una-exposicion-fotografica-capta-la-intensidad-de-la-musica-en-directo","status":"publish","type":"post","link":"https:\/\/www.manologarciaycia.com\/?p=1409","title":{"rendered":"MG: Una exposici\u00f3n fotogr\u00e1fica capta la intensidad de la m\u00fasica en directo"},"content":{"rendered":"<p>Samira Ouf retrata los rostros y manos de artistas como Manolo Garc\u00eda, Mal\u00fa, Paz Vega, Bunbury, Luz Casal, Sergio Dalma o Dani Mart\u00edn<\/p>\n<p>Una exposici\u00f3n fotogr\u00e1fica in\u00e9dita de la artista Samira Ouf refleja a trav\u00e9s de veinte instant\u00e1neas del rostro y las manos de conocidos cantantes c\u00f3mo viven la intensidad de un concierto justo antes y despu\u00e9s del espect\u00e1culo.<br \/>\n<center><br \/>\n<img src='http:\/\/s2.subirimagenes.com\/otros\/6725586samiraoufmanologarci.jpg'><\/img><br \/>Manolo Garc\u00eda<br \/>\n<\/center><br \/>\nOuf ha inaugurado hoy en C\u00f3rdoba esta muestra, denominada \u00abManos. Las llaves del alma\u00bb, que se enmarca como actividad paralela en el XXXI Festival de la Guitarra y en el que el visitante puede observar la expresividad de caras y manos de artistas como Manolo Garc\u00eda, Mal\u00fa, Paz Vega, Bunbury, Luz Casal, Sergio Dalma o Dani Mart\u00edn al inicio y al final de un concierto.<\/p>\n<p>Las instant\u00e1neas muestran el s\u00edmbolo y la fuerza de la personalidad de cada artista, seg\u00fan ha detallado Ouf, quien ha informado de que la mayor parte de las fotograf\u00edas fueron captadas durante actuaciones en C\u00f3rdoba y sin el apoyo de luz alguna, salvo la iluminaci\u00f3n propia que puede tener un camerino o los pasillos de acceso al escenario.<br \/>\n<center><br \/>\n<img src= 'http:\/\/3.bp.blogspot.com\/-G2OzugEsyrI\/ThMjLNGuR2I\/AAAAAAAAAdY\/b1mkFcuQ380\/s1600\/samira01.jpg'><img><br \/>Samuri Ouf<br \/>\n<\/center><\/p>\n<p>Ouf ha empleado cinco a\u00f1os en reunir estos retratos de artistas y ha mostrado su deseo de seguir ampliando dicha colecci\u00f3n.<\/p>\n<p>Por su parte, el concejal de Cultura del Ayuntamiento de C\u00f3rdoba, Juan Miguel Moreno, ha valorado esta exposici\u00f3n como preludio al Festival de la Guitarra porque sirve para unir el mundo de la fotograf\u00eda con el de la guitarra.<\/p>\n<p>Seg\u00fan el edil, Ouf ha acertado con el tema escogido para las instant\u00e1neas porque las manos son algo que \u00abidentifican mucho\u00bb a los m\u00fasicos y artistas.<\/p>\n<p>Por otra parte, ha hecho referencia a la 31 edici\u00f3n del Festival de la Guitarra por contar con un programa \u00abmuy compensado y atractivo\u00bb y que dar\u00e1 comienzo ma\u00f1ana con el concierto de Vicente Amigo junto a la Orquesta de C\u00f3rdoba en el Teatro de la Axerqu\u00eda.<\/p>\n<p>Moreno ha asegurado que a nivel internacional este es el evento cultural cordob\u00e9s que tiene m\u00e1s seguidores y el reto es ir renovando cada a\u00f1o el programa pero sin perder el nivel \u00abalt\u00edsimo\u00bb en el que se encuentra.<\/p>\n<p>Fuente: Diario Cordoba &#8211; <a href=\"http:\/\/www.diariocordoba.com\/noticias\/noticia.asp?pkid=649942\" target=\"_blank\">ENLACE<\/a><\/p>\n","protected":false},"excerpt":{"rendered":"<p>Samira Ouf retrata los rostros y manos de artistas como Manolo Garc\u00eda, Mal\u00fa, Paz Vega, Bunbury, Luz Casal, Sergio Dalma o Dani Mart\u00edn Una exposici\u00f3n fotogr\u00e1fica in\u00e9dita de la artista Samira Ouf refleja a trav\u00e9s de veinte instant\u00e1neas del rostro y las manos de conocidos cantantes c\u00f3mo viven la intensidad de un concierto justo antes<a class=\"moretag\" href=\"https:\/\/www.manologarciaycia.com\/?p=1409\" title=\"MG: Una exposici\u00f3n fotogr\u00e1fica capta la intensidad de la m\u00fasica en directo\" target=\"_self\" rel=\"follow\"> <font face=arial size=2>[Leer m\u00e1s]<\/font> <\/a><\/p>\n","protected":false},"author":2,"featured_media":0,"comment_status":"closed","ping_status":"closed","sticky":false,"template":"","format":"standard","meta":{"footnotes":""},"categories":[1],"tags":[227],"class_list":["post-1409","post","type-post","status-publish","format-standard","hentry","category-manolo-garcia","tag-manolo-garcia-fotografia-exposicion-samira-ouf"],"_links":{"self":[{"href":"https:\/\/www.manologarciaycia.com\/index.php?rest_route=\/wp\/v2\/posts\/1409","targetHints":{"allow":["GET"]}}],"collection":[{"href":"https:\/\/www.manologarciaycia.com\/index.php?rest_route=\/wp\/v2\/posts"}],"about":[{"href":"https:\/\/www.manologarciaycia.com\/index.php?rest_route=\/wp\/v2\/types\/post"}],"author":[{"embeddable":true,"href":"https:\/\/www.manologarciaycia.com\/index.php?rest_route=\/wp\/v2\/users\/2"}],"replies":[{"embeddable":true,"href":"https:\/\/www.manologarciaycia.com\/index.php?rest_route=%2Fwp%2Fv2%2Fcomments&post=1409"}],"version-history":[{"count":11,"href":"https:\/\/www.manologarciaycia.com\/index.php?rest_route=\/wp\/v2\/posts\/1409\/revisions"}],"predecessor-version":[{"id":1435,"href":"https:\/\/www.manologarciaycia.com\/index.php?rest_route=\/wp\/v2\/posts\/1409\/revisions\/1435"}],"wp:attachment":[{"href":"https:\/\/www.manologarciaycia.com\/index.php?rest_route=%2Fwp%2Fv2%2Fmedia&parent=1409"}],"wp:term":[{"taxonomy":"category","embeddable":true,"href":"https:\/\/www.manologarciaycia.com\/index.php?rest_route=%2Fwp%2Fv2%2Fcategories&post=1409"},{"taxonomy":"post_tag","embeddable":true,"href":"https:\/\/www.manologarciaycia.com\/index.php?rest_route=%2Fwp%2Fv2%2Ftags&post=1409"}],"curies":[{"name":"wp","href":"https:\/\/api.w.org\/{rel}","templated":true}]}}