{"id":14055,"date":"2016-02-08T16:15:11","date_gmt":"2016-02-08T15:15:11","guid":{"rendered":"http:\/\/www.manologarciaycia.com\/?p=14055"},"modified":"2016-02-08T16:15:11","modified_gmt":"2016-02-08T15:15:11","slug":"manolo-garcia-actuara-en-julio-el-8-en-el-palacio-de-la-opera-la-coruna","status":"publish","type":"post","link":"https:\/\/www.manologarciaycia.com\/?p=14055","title":{"rendered":"Manolo Garc\u00eda actuar\u00e1 en julio (el 8) en el Palacio de la \u00d3pera (La Coru\u00f1a)"},"content":{"rendered":"<p>El artista Manolo Garc\u00eda actuar\u00e1 en el Palacio de la \u00d3pera el 8 de julio. Presentar\u00e1 su nuevo trabajo discogr\u00e1fico Todo es ahora. <\/p>\n<p>Las entradas se pondr\u00e1n a la venta este jueves, 11 de febrero, a las 10.00 horas a trav\u00e9s de la plataforma digital de Abanca y tambi\u00e9n en sus oficinas. El precio de las entradas oscilar\u00e1 entre los 29 y los 43 euros.<\/p>\n<p>Esta gira supone la vuelta a A Coru\u00f1a del que fuera vocalista de El \u00faltimo de la fila, ya que su \u00faltima actuaci\u00f3n, prevista para 2012 fue cancelada por apendicitis. Garc\u00eda toc\u00f3 por \u00faltima vez en A Coru\u00f1a en 2008.<\/p>\n<p>Fuente: La Opini\u00f3n A Coru\u00f1a &#8211; <a href=\"http:\/\/www.laopinioncoruna.es\/coruna\/2016\/02\/08\/manolo-garcia-actuara-julio-palacio\/1039716.html\" target=\"_blank\">ENLACE<\/a><\/p>\n","protected":false},"excerpt":{"rendered":"<p>El artista Manolo Garc\u00eda actuar\u00e1 en el Palacio de la \u00d3pera el 8 de julio. Presentar\u00e1 su nuevo trabajo discogr\u00e1fico Todo es ahora. Las entradas se pondr\u00e1n a la venta este jueves, 11 de febrero, a las 10.00 horas a trav\u00e9s de la plataforma digital de Abanca y tambi\u00e9n en sus oficinas. El precio de<a class=\"moretag\" href=\"https:\/\/www.manologarciaycia.com\/?p=14055\" title=\"Manolo Garc\u00eda actuar\u00e1 en julio (el 8) en el Palacio de la \u00d3pera (La Coru\u00f1a)\" target=\"_self\" rel=\"follow\"> <font face=arial size=2>[Leer m\u00e1s]<\/font> <\/a><\/p>\n","protected":false},"author":2,"featured_media":14056,"comment_status":"closed","ping_status":"closed","sticky":false,"template":"","format":"standard","meta":{"footnotes":""},"categories":[1],"tags":[],"class_list":["post-14055","post","type-post","status-publish","format-standard","has-post-thumbnail","hentry","category-manolo-garcia"],"_links":{"self":[{"href":"https:\/\/www.manologarciaycia.com\/index.php?rest_route=\/wp\/v2\/posts\/14055","targetHints":{"allow":["GET"]}}],"collection":[{"href":"https:\/\/www.manologarciaycia.com\/index.php?rest_route=\/wp\/v2\/posts"}],"about":[{"href":"https:\/\/www.manologarciaycia.com\/index.php?rest_route=\/wp\/v2\/types\/post"}],"author":[{"embeddable":true,"href":"https:\/\/www.manologarciaycia.com\/index.php?rest_route=\/wp\/v2\/users\/2"}],"replies":[{"embeddable":true,"href":"https:\/\/www.manologarciaycia.com\/index.php?rest_route=%2Fwp%2Fv2%2Fcomments&post=14055"}],"version-history":[{"count":1,"href":"https:\/\/www.manologarciaycia.com\/index.php?rest_route=\/wp\/v2\/posts\/14055\/revisions"}],"predecessor-version":[{"id":14057,"href":"https:\/\/www.manologarciaycia.com\/index.php?rest_route=\/wp\/v2\/posts\/14055\/revisions\/14057"}],"wp:featuredmedia":[{"embeddable":true,"href":"https:\/\/www.manologarciaycia.com\/index.php?rest_route=\/wp\/v2\/media\/14056"}],"wp:attachment":[{"href":"https:\/\/www.manologarciaycia.com\/index.php?rest_route=%2Fwp%2Fv2%2Fmedia&parent=14055"}],"wp:term":[{"taxonomy":"category","embeddable":true,"href":"https:\/\/www.manologarciaycia.com\/index.php?rest_route=%2Fwp%2Fv2%2Fcategories&post=14055"},{"taxonomy":"post_tag","embeddable":true,"href":"https:\/\/www.manologarciaycia.com\/index.php?rest_route=%2Fwp%2Fv2%2Ftags&post=14055"}],"curies":[{"name":"wp","href":"https:\/\/api.w.org\/{rel}","templated":true}]}}