{"id":14049,"date":"2016-02-06T05:21:11","date_gmt":"2016-02-06T04:21:11","guid":{"rendered":"http:\/\/www.manologarciaycia.com\/?p=14049"},"modified":"2016-02-06T05:21:11","modified_gmt":"2016-02-06T04:21:11","slug":"manolo-garcia-aterriza-en-tenerife-con-su-gira-todo-es-ahora","status":"publish","type":"post","link":"https:\/\/www.manologarciaycia.com\/?p=14049","title":{"rendered":"Manolo Garc\u00eda aterriza en Tenerife con su gira \u00b4Todo es ahora\u00b4"},"content":{"rendered":"<p>El artista barcelon\u00e9s ofrecer\u00e1 un concierto el 30 de junio en el Pabell\u00f3n de Deportes Santiago Mart\u00edn<\/p>\n<p>Tras siete a\u00f1os sin pisar los grandes recintos en una gira, Manolo Garc\u00eda vuelve a Tenerife para presentar su nuevo disco &#8216;Todo es ahora&#8217;. El 30 de junio el artista barcelon\u00e9s aterrizar\u00e1 en el Pabell\u00f3n de Deportes Santiago Mart\u00edn con una doble banda de lujo, el grupo de m\u00fasicos americanos con los que grab\u00f3 en Nueva York este \u00faltimo trabajo y su banda habitual de directo.<\/p>\n<p>Cada concierto estar\u00e1 dividido en dos partes. En la primera, los m\u00fasicos de Nueva York (Earl Slick y Gerry Leonard a las guitarras, Zachary Alford a la bater\u00eda y Jack Daley al bajo) le acompa\u00f1ar\u00e1n en las canciones de sus dos \u00faltimos discos, \u00b4Todo es ahora\u00b4 y \u00b4Los d\u00edas intactos\u00b4. a segunda parte del espect\u00e1culo estar\u00e1 acompa\u00f1ado por el grupo habitual ( Ricardo Mar\u00edn, Juan Carlos Garc\u00eda, Albert Serrano, I\u00f1igo Goldaracena,&#8230;), que interpretar\u00e1 canciones de sus anteriores trabajos en solitario, as\u00ed como algunas canciones de sus anteriores formaciones, El \u00daltimo de la fila, Los Burros y Los R\u00e1pidos.<\/p>\n<p>Las entradas para el concierto ya est\u00e1n a la venta en Ticketmaster (<a href=\"http:\/\/www.ticketmaster.es\" target=\"_blank\">http:\/\/www.ticketmaster.es<\/a>) a partir de los 32 euros.<\/p>\n<p>Fuente: La Opini\u00f3n &#8211; <a href=\"http:\/\/www.laopinion.es\/cultura\/2016\/02\/05\/manolo-garcia-aterriza-tenerife-gira\/654234.html\" target=\"_blank\">ENLACE<\/a><\/p>\n","protected":false},"excerpt":{"rendered":"<p>El artista barcelon\u00e9s ofrecer\u00e1 un concierto el 30 de junio en el Pabell\u00f3n de Deportes Santiago Mart\u00edn Tras siete a\u00f1os sin pisar los grandes recintos en una gira, Manolo Garc\u00eda vuelve a Tenerife para presentar su nuevo disco &#8216;Todo es ahora&#8217;. El 30 de junio el artista barcelon\u00e9s aterrizar\u00e1 en el Pabell\u00f3n de Deportes Santiago<a class=\"moretag\" href=\"https:\/\/www.manologarciaycia.com\/?p=14049\" title=\"Manolo Garc\u00eda aterriza en Tenerife con su gira \u00b4Todo es ahora\u00b4\" target=\"_self\" rel=\"follow\"> <font face=arial size=2>[Leer m\u00e1s]<\/font> <\/a><\/p>\n","protected":false},"author":2,"featured_media":14050,"comment_status":"closed","ping_status":"closed","sticky":false,"template":"","format":"standard","meta":{"footnotes":""},"categories":[1],"tags":[],"class_list":["post-14049","post","type-post","status-publish","format-standard","has-post-thumbnail","hentry","category-manolo-garcia"],"_links":{"self":[{"href":"https:\/\/www.manologarciaycia.com\/index.php?rest_route=\/wp\/v2\/posts\/14049","targetHints":{"allow":["GET"]}}],"collection":[{"href":"https:\/\/www.manologarciaycia.com\/index.php?rest_route=\/wp\/v2\/posts"}],"about":[{"href":"https:\/\/www.manologarciaycia.com\/index.php?rest_route=\/wp\/v2\/types\/post"}],"author":[{"embeddable":true,"href":"https:\/\/www.manologarciaycia.com\/index.php?rest_route=\/wp\/v2\/users\/2"}],"replies":[{"embeddable":true,"href":"https:\/\/www.manologarciaycia.com\/index.php?rest_route=%2Fwp%2Fv2%2Fcomments&post=14049"}],"version-history":[{"count":1,"href":"https:\/\/www.manologarciaycia.com\/index.php?rest_route=\/wp\/v2\/posts\/14049\/revisions"}],"predecessor-version":[{"id":14051,"href":"https:\/\/www.manologarciaycia.com\/index.php?rest_route=\/wp\/v2\/posts\/14049\/revisions\/14051"}],"wp:featuredmedia":[{"embeddable":true,"href":"https:\/\/www.manologarciaycia.com\/index.php?rest_route=\/wp\/v2\/media\/14050"}],"wp:attachment":[{"href":"https:\/\/www.manologarciaycia.com\/index.php?rest_route=%2Fwp%2Fv2%2Fmedia&parent=14049"}],"wp:term":[{"taxonomy":"category","embeddable":true,"href":"https:\/\/www.manologarciaycia.com\/index.php?rest_route=%2Fwp%2Fv2%2Fcategories&post=14049"},{"taxonomy":"post_tag","embeddable":true,"href":"https:\/\/www.manologarciaycia.com\/index.php?rest_route=%2Fwp%2Fv2%2Ftags&post=14049"}],"curies":[{"name":"wp","href":"https:\/\/api.w.org\/{rel}","templated":true}]}}