{"id":14042,"date":"2016-02-03T07:02:30","date_gmt":"2016-02-03T06:02:30","guid":{"rendered":"http:\/\/www.manologarciaycia.com\/?p=14042"},"modified":"2016-02-03T07:02:30","modified_gmt":"2016-02-03T06:02:30","slug":"manolo-garcia-actuara-el-30-de-junio-en-la-laguna","status":"publish","type":"post","link":"https:\/\/www.manologarciaycia.com\/?p=14042","title":{"rendered":"Manolo Garc\u00eda actuar\u00e1 el 30 de junio en La Laguna"},"content":{"rendered":"<p>El artista Manolo Garc\u00eda actuar\u00e1 el pr\u00f3ximo verano en Tenerife. El jueves 30 de junio estar\u00e1 en el Santiago Mart\u00edn de La Laguna, presentando las canciones de su \u00faltimo disco, Todo es ahora. Las entradas ya se encuentran a la venta, a trav\u00e9s de la plataforma ticketmaster.es. Valen entre 32 y 37 euros.<\/p>\n<p>Esta es el segundo concierto que confirma en Canarias este 2016 el cantante catal\u00e1n, tras el que ofrecer\u00e1 el 2 de julio en Telde (Gran Canaria). Garc\u00eda, de 60 a\u00f1os, ha aparcado su proyecto al frente del grupo El Ultimo de la Fila para centrarse en su carrera en solitario. Su \u00faltima visita a Tenerife fue en 2009, con Saldremos de la Lluvia.<\/p>\n<p>Todo es ahora es el sexto \u00e1lbum de estudio del m\u00fasico barcelon\u00e9s, grabado entre Nueva York y Gerona. Tras su publicaci\u00f3n, alcanz\u00f3 el segundo puesto en las listas de discos m\u00e1s vendidos de Espa\u00f1a y vendi\u00f3 m\u00e1s de 80 000 copias en un mes.<\/p>\n<p>Despu\u00e9s de dos giras anteriores por teatros y auditorios, la actual significa su regreso a los recintos de gran tama\u00f1o, en los que se presenta con doble banda: el grupo de m\u00fasicos americanos con los que grab\u00f3 en Nueva York Todo es ahora, su \u00faltimo trabajo, y su banda habitual de directo.<\/p>\n<p>Le acompa\u00f1an, entre otros, Earl Slick y Gerry Leonard a las guitarras, Zachary Alford a la bater\u00eda y Jack Daley al bajo; m\u00fasicos que han compartido escenarios con grandes nombres como David Bowie, Lenny Kravitz, Bruce Springsteen o John Lennon; toda una garant\u00eda para este nuevo tour.<\/p>\n<p>Fuente: Diario de Avisos &#8211; <a href=\"http:\/\/www.diariodeavisos.com\/2016\/02\/manolo-garcia-actuara-30-junio-en-laguna\/\" target=\"_blank\">ENLACE<\/a><\/p>\n","protected":false},"excerpt":{"rendered":"<p>El artista Manolo Garc\u00eda actuar\u00e1 el pr\u00f3ximo verano en Tenerife. El jueves 30 de junio estar\u00e1 en el Santiago Mart\u00edn de La Laguna, presentando las canciones de su \u00faltimo disco, Todo es ahora. Las entradas ya se encuentran a la venta, a trav\u00e9s de la plataforma ticketmaster.es. Valen entre 32 y 37 euros. Esta es<a class=\"moretag\" href=\"https:\/\/www.manologarciaycia.com\/?p=14042\" title=\"Manolo Garc\u00eda actuar\u00e1 el 30 de junio en La Laguna\" target=\"_self\" rel=\"follow\"> <font face=arial size=2>[Leer m\u00e1s]<\/font> <\/a><\/p>\n","protected":false},"author":2,"featured_media":14043,"comment_status":"closed","ping_status":"closed","sticky":false,"template":"","format":"standard","meta":{"footnotes":""},"categories":[1],"tags":[],"class_list":["post-14042","post","type-post","status-publish","format-standard","has-post-thumbnail","hentry","category-manolo-garcia"],"_links":{"self":[{"href":"https:\/\/www.manologarciaycia.com\/index.php?rest_route=\/wp\/v2\/posts\/14042","targetHints":{"allow":["GET"]}}],"collection":[{"href":"https:\/\/www.manologarciaycia.com\/index.php?rest_route=\/wp\/v2\/posts"}],"about":[{"href":"https:\/\/www.manologarciaycia.com\/index.php?rest_route=\/wp\/v2\/types\/post"}],"author":[{"embeddable":true,"href":"https:\/\/www.manologarciaycia.com\/index.php?rest_route=\/wp\/v2\/users\/2"}],"replies":[{"embeddable":true,"href":"https:\/\/www.manologarciaycia.com\/index.php?rest_route=%2Fwp%2Fv2%2Fcomments&post=14042"}],"version-history":[{"count":1,"href":"https:\/\/www.manologarciaycia.com\/index.php?rest_route=\/wp\/v2\/posts\/14042\/revisions"}],"predecessor-version":[{"id":14044,"href":"https:\/\/www.manologarciaycia.com\/index.php?rest_route=\/wp\/v2\/posts\/14042\/revisions\/14044"}],"wp:featuredmedia":[{"embeddable":true,"href":"https:\/\/www.manologarciaycia.com\/index.php?rest_route=\/wp\/v2\/media\/14043"}],"wp:attachment":[{"href":"https:\/\/www.manologarciaycia.com\/index.php?rest_route=%2Fwp%2Fv2%2Fmedia&parent=14042"}],"wp:term":[{"taxonomy":"category","embeddable":true,"href":"https:\/\/www.manologarciaycia.com\/index.php?rest_route=%2Fwp%2Fv2%2Fcategories&post=14042"},{"taxonomy":"post_tag","embeddable":true,"href":"https:\/\/www.manologarciaycia.com\/index.php?rest_route=%2Fwp%2Fv2%2Ftags&post=14042"}],"curies":[{"name":"wp","href":"https:\/\/api.w.org\/{rel}","templated":true}]}}