{"id":14022,"date":"2016-01-28T16:41:41","date_gmt":"2016-01-28T15:41:41","guid":{"rendered":"http:\/\/www.manologarciaycia.com\/?p=14022"},"modified":"2016-01-28T19:48:10","modified_gmt":"2016-01-28T18:48:10","slug":"manolo-garcia-el-23-de-julio-en-porta-ferrada-sant-feliu-de-guixols","status":"publish","type":"post","link":"https:\/\/www.manologarciaycia.com\/?p=14022","title":{"rendered":"Manolo Garc\u00eda, el 23 de Julio en Porta Ferrada, Sant Feliu de Gu\u00edxols"},"content":{"rendered":"<p>Ma\u00f1ana 29 Enero, se ponen a la venta las entradas! En la web del festival <a href=\"http:\/\/www.festivalportaferrada.cat\/\" target=\"_blank\">ENLACE<\/a>. El 54 Festival de la Porta Ferrada 2016 ha anunciado las actuaciones de Manolo Garc\u00eda y Estopa como primeras confirmaciones de su pr\u00f3xima edici\u00f3n.    Seg\u00fan ha informado la promotora The Project en un comunicado, Manolo Garc\u00eda actuar\u00e1 el 23 de julio y Estopa lo har\u00e1 el 9 de agosto, ambos en el Espai Port de Sant Feliu de Gu\u00edxols (Girona).    Garc\u00eda presentar\u00e1 &#8216;Todo es ahora&#8217;, un trabajo que apuesta por las guitarras y las melod\u00edas, mientras los hermanos Mu\u00f1oz pondr\u00e1n de largo &#8216;Rumba a &#8230;<\/p>\n<p>Fuente: <a href=\"http:\/\/www.europapress.es\/cultura\/musica-00129\/noticia-54-festival-porta-ferrada-anuncia-actuaciones-manolo-garcia-estopa-20160128133513.html\" target=\"_blank\">EuropaPress<\/a><\/p>\n","protected":false},"excerpt":{"rendered":"<p>Ma\u00f1ana 29 Enero, se ponen a la venta las entradas! En la web del festival ENLACE. El 54 Festival de la Porta Ferrada 2016 ha anunciado las actuaciones de Manolo Garc\u00eda y Estopa como primeras confirmaciones de su pr\u00f3xima edici\u00f3n. Seg\u00fan ha informado la promotora The Project en un comunicado, Manolo Garc\u00eda actuar\u00e1 el 23<a class=\"moretag\" href=\"https:\/\/www.manologarciaycia.com\/?p=14022\" title=\"Manolo Garc\u00eda, el 23 de Julio en Porta Ferrada, Sant Feliu de Gu\u00edxols\" target=\"_self\" rel=\"follow\"> <font face=arial size=2>[Leer m\u00e1s]<\/font> <\/a><\/p>\n","protected":false},"author":2,"featured_media":14024,"comment_status":"closed","ping_status":"closed","sticky":false,"template":"","format":"standard","meta":{"footnotes":""},"categories":[1],"tags":[],"class_list":["post-14022","post","type-post","status-publish","format-standard","has-post-thumbnail","hentry","category-manolo-garcia"],"_links":{"self":[{"href":"https:\/\/www.manologarciaycia.com\/index.php?rest_route=\/wp\/v2\/posts\/14022","targetHints":{"allow":["GET"]}}],"collection":[{"href":"https:\/\/www.manologarciaycia.com\/index.php?rest_route=\/wp\/v2\/posts"}],"about":[{"href":"https:\/\/www.manologarciaycia.com\/index.php?rest_route=\/wp\/v2\/types\/post"}],"author":[{"embeddable":true,"href":"https:\/\/www.manologarciaycia.com\/index.php?rest_route=\/wp\/v2\/users\/2"}],"replies":[{"embeddable":true,"href":"https:\/\/www.manologarciaycia.com\/index.php?rest_route=%2Fwp%2Fv2%2Fcomments&post=14022"}],"version-history":[{"count":2,"href":"https:\/\/www.manologarciaycia.com\/index.php?rest_route=\/wp\/v2\/posts\/14022\/revisions"}],"predecessor-version":[{"id":14026,"href":"https:\/\/www.manologarciaycia.com\/index.php?rest_route=\/wp\/v2\/posts\/14022\/revisions\/14026"}],"wp:featuredmedia":[{"embeddable":true,"href":"https:\/\/www.manologarciaycia.com\/index.php?rest_route=\/wp\/v2\/media\/14024"}],"wp:attachment":[{"href":"https:\/\/www.manologarciaycia.com\/index.php?rest_route=%2Fwp%2Fv2%2Fmedia&parent=14022"}],"wp:term":[{"taxonomy":"category","embeddable":true,"href":"https:\/\/www.manologarciaycia.com\/index.php?rest_route=%2Fwp%2Fv2%2Fcategories&post=14022"},{"taxonomy":"post_tag","embeddable":true,"href":"https:\/\/www.manologarciaycia.com\/index.php?rest_route=%2Fwp%2Fv2%2Ftags&post=14022"}],"curies":[{"name":"wp","href":"https:\/\/api.w.org\/{rel}","templated":true}]}}