{"id":14012,"date":"2016-01-26T21:24:02","date_gmt":"2016-01-26T20:24:02","guid":{"rendered":"http:\/\/www.manologarciaycia.com\/?p=14012"},"modified":"2016-01-26T21:24:02","modified_gmt":"2016-01-26T20:24:02","slug":"el-gem-entrega-premios-duna-2015-con-la-participacion-de-manolo-garcia","status":"publish","type":"post","link":"https:\/\/www.manologarciaycia.com\/?p=14012","title":{"rendered":"El GEM entrega Premios Duna 2015 con la participacio\u0301n de Manolo Garci\u0301a"},"content":{"rendered":"<p>El GEM entrega en Almer\u00eda los Premios Duna 2015 con la participacio\u0301n especial del cantautor Manolo Garci\u0301a.<\/p>\n<p>El Grupo Ecologista Mediterr\u00e1neo celebrar\u00e1 a las 19:30 horas de la tarde de este mi\u00e9rcoles 27 de enero el acto de entrega de los Premios Duna 2015, unos premios que cumplen ya treinta a\u00f1os desde su primera entrega, en el a\u00f1o 1986, cuando le fueron concedidos al Hermano Rufino, prestigioso bot\u00e1nico y naturalista de La Salle, y el periodista Miguel \u00c1ngel Blanco por su secci\u00f3n \u2018Una Tierra Almeriense para vivir\u2019.<\/p>\n<p>Este a\u00f1o los premiados son David Rom\u00e1n, agente de Medio Ambiente que est\u00e1 siendo acosado por cumplir con su obligaci\u00f3n de velar por el respeto a la legislaci\u00f3n ambiental; el investigador de la Ual Jos\u00e9 Mar\u00eda Calaforra, por sus estudios sobre suelos degradados y su compromiso con su defensa; y a la Red de Ecoescuelas de Almer\u00eda, la provincia m\u00e1s din\u00e1mica de Andaluc\u00eda en este tipo de centros en los que la educaci\u00f3n ambiental forma parte de la apuesta formativa, y por su trascendencia en la educaci\u00f3n de los ni\u00f1os en valores relacionados con el medio ambiente y el desarrollo sostenible.<\/p>\n<p>En la gala que se celebrar\u00e1 en la Casa de las Mariposas de la Fundaci\u00f3n Cajamar (Puerta Purchena) ellos ser\u00e1n los protagonistas de honor, pero tambi\u00e9n habr\u00e1 cabida para recordar las menciones negativas Carb\u00f3n, que este a\u00f1o comparten la Junta de Andaluc\u00eda y el Gobierno de Espa\u00f1a, la una por la falta de una pol\u00edtica eficaz de protecci\u00f3n del medio ambiente, y el otro por la pol\u00edtica energ\u00e9tica que prioriza las energ\u00edas convencionales frente a las renovables.<\/p>\n<p>Los presentadores del acto ser\u00e1n los periodistas almerienses Marta Soler y Alfredo Casas, que compartir\u00e1n escenario con un invitado de excepci\u00f3n como es el cantautor Manolo Garc\u00eda, de larga trayectoria en la defensa del medio ambiente y \u2018amigo\u2019 del GEM desde hace muchos a\u00f1os. Tendr\u00e1 cabida la m\u00fasica con un cuarteto de cuerda de j\u00f3venes m\u00fasicos almerienses y el humor de Pepe C\u00e9spedes, que analizar\u00e1 los efectos del cambio clim\u00e1tico.<\/p>\n<p>Fuente: Teleprensa com &#8211; <a href=\"http:\/\/www.teleprensa.com\/almeria\/el-gem-entrega-en-almeria-los-premios-duna-2015-con-la-participacion-especial-del-cantautor-manolo-garcia.html\" target=\"_blank\">ENLACE<\/a> &#8211; V\u00eda <a href=\"http:\/\/www.LaSetaWeb.com\" target=\"_blank\">www.LaSetaWeb.com<\/a> (gracias!) #ManoloGarc\u00eda #Almer\u00eda<\/p>\n","protected":false},"excerpt":{"rendered":"<p>El GEM entrega en Almer\u00eda los Premios Duna 2015 con la participacio\u0301n especial del cantautor Manolo Garci\u0301a. El Grupo Ecologista Mediterr\u00e1neo celebrar\u00e1 a las 19:30 horas de la tarde de este mi\u00e9rcoles 27 de enero el acto de entrega de los Premios Duna 2015, unos premios que cumplen ya treinta a\u00f1os desde su primera entrega,<a class=\"moretag\" href=\"https:\/\/www.manologarciaycia.com\/?p=14012\" title=\"El GEM entrega Premios Duna 2015 con la participacio\u0301n de Manolo Garci\u0301a\" target=\"_self\" rel=\"follow\"> <font face=arial size=2>[Leer m\u00e1s]<\/font> <\/a><\/p>\n","protected":false},"author":2,"featured_media":14013,"comment_status":"closed","ping_status":"closed","sticky":false,"template":"","format":"standard","meta":{"footnotes":""},"categories":[1],"tags":[],"class_list":["post-14012","post","type-post","status-publish","format-standard","has-post-thumbnail","hentry","category-manolo-garcia"],"_links":{"self":[{"href":"https:\/\/www.manologarciaycia.com\/index.php?rest_route=\/wp\/v2\/posts\/14012","targetHints":{"allow":["GET"]}}],"collection":[{"href":"https:\/\/www.manologarciaycia.com\/index.php?rest_route=\/wp\/v2\/posts"}],"about":[{"href":"https:\/\/www.manologarciaycia.com\/index.php?rest_route=\/wp\/v2\/types\/post"}],"author":[{"embeddable":true,"href":"https:\/\/www.manologarciaycia.com\/index.php?rest_route=\/wp\/v2\/users\/2"}],"replies":[{"embeddable":true,"href":"https:\/\/www.manologarciaycia.com\/index.php?rest_route=%2Fwp%2Fv2%2Fcomments&post=14012"}],"version-history":[{"count":2,"href":"https:\/\/www.manologarciaycia.com\/index.php?rest_route=\/wp\/v2\/posts\/14012\/revisions"}],"predecessor-version":[{"id":14015,"href":"https:\/\/www.manologarciaycia.com\/index.php?rest_route=\/wp\/v2\/posts\/14012\/revisions\/14015"}],"wp:featuredmedia":[{"embeddable":true,"href":"https:\/\/www.manologarciaycia.com\/index.php?rest_route=\/wp\/v2\/media\/14013"}],"wp:attachment":[{"href":"https:\/\/www.manologarciaycia.com\/index.php?rest_route=%2Fwp%2Fv2%2Fmedia&parent=14012"}],"wp:term":[{"taxonomy":"category","embeddable":true,"href":"https:\/\/www.manologarciaycia.com\/index.php?rest_route=%2Fwp%2Fv2%2Fcategories&post=14012"},{"taxonomy":"post_tag","embeddable":true,"href":"https:\/\/www.manologarciaycia.com\/index.php?rest_route=%2Fwp%2Fv2%2Ftags&post=14012"}],"curies":[{"name":"wp","href":"https:\/\/api.w.org\/{rel}","templated":true}]}}