{"id":14004,"date":"2016-01-26T09:40:40","date_gmt":"2016-01-26T08:40:40","guid":{"rendered":"http:\/\/www.manologarciaycia.com\/?p=14004"},"modified":"2016-01-26T09:40:40","modified_gmt":"2016-01-26T08:40:40","slug":"isabel-gemio-inaugura-la-exposicion-artistas-con-duende","status":"publish","type":"post","link":"https:\/\/www.manologarciaycia.com\/?p=14004","title":{"rendered":"Isabel Gemio inaugura la exposici\u00f3n &#8216;Artistas con duende&#8217;"},"content":{"rendered":"<p>La periodista ha reunido la obra de una veintena de personajes de la cultura como Mill\u00e1n Salcedo, La Chunga, Alejandro Sanz y Andreu Buenafuente.<\/p>\n<p>La Fundaci\u00f3n Isabel Gemio ha reunido la obra art\u00edstica de m\u00e1s de 20 personalidades de la cultura espa\u00f1ola en la exposici\u00f3n con fines ben\u00e9ficos &#8216;Artistas con duende&#8217;, que ha inaugurado la periodista, presidenta de la Fundaci\u00f3n, con el fin de conseguir financiaci\u00f3n para la investigaci\u00f3n y dar visibilidad a las personas con distrofias musculares y otras enfermedades raras.<\/p>\n<p>La muestra, que se expone en la Fundaci\u00f3n Pons, en Madrid, recoge por primera vez 25 obras originales de personajes populares como Alejandro Sanz, Paloma San Basilio, Joaqu\u00edn Sabina, Andreu Buenafuente, Manolo Garc\u00eda, Jordi Moll\u00e1, Juan Pardo, Palomo Linares, Viggo Mortensen, Fernando Colomo, Dyango, Moncho Borrajo, Mill\u00e1n  Salcedo, Angel Gar\u00f3, Miguel Caiceo, Adriana Ozores, Ernesto Alterio, Belinda Washington, Carmen Conesa, La Chunga, Dar\u00edo Villalba y Carla Duval, gracias a la solidaridad de su hermana Norma.<\/p>\n<p>Fuente: El Peri\u00f3dico &#8211; <a href=\"http:\/\/www.elperiodico.com\/es\/noticias\/gente-y-tv\/isabel-gemio-inaugura-exposicion-solidaria-artistas-duende-fundacion-pons-madrid-alejandro-sanz-vigo-mortensen-andreu-buenafuente-joaquin-sabina-4844353\" target=\"_blank\">ENLACE<\/a><\/p>\n","protected":false},"excerpt":{"rendered":"<p>La periodista ha reunido la obra de una veintena de personajes de la cultura como Mill\u00e1n Salcedo, La Chunga, Alejandro Sanz y Andreu Buenafuente. La Fundaci\u00f3n Isabel Gemio ha reunido la obra art\u00edstica de m\u00e1s de 20 personalidades de la cultura espa\u00f1ola en la exposici\u00f3n con fines ben\u00e9ficos &#8216;Artistas con duende&#8217;, que ha inaugurado la<a class=\"moretag\" href=\"https:\/\/www.manologarciaycia.com\/?p=14004\" title=\"Isabel Gemio inaugura la exposici\u00f3n &#8216;Artistas con duende&#8217;\" target=\"_self\" rel=\"follow\"> <font face=arial size=2>[Leer m\u00e1s]<\/font> <\/a><\/p>\n","protected":false},"author":2,"featured_media":14005,"comment_status":"closed","ping_status":"closed","sticky":false,"template":"","format":"standard","meta":{"footnotes":""},"categories":[1],"tags":[],"class_list":["post-14004","post","type-post","status-publish","format-standard","has-post-thumbnail","hentry","category-manolo-garcia"],"_links":{"self":[{"href":"https:\/\/www.manologarciaycia.com\/index.php?rest_route=\/wp\/v2\/posts\/14004","targetHints":{"allow":["GET"]}}],"collection":[{"href":"https:\/\/www.manologarciaycia.com\/index.php?rest_route=\/wp\/v2\/posts"}],"about":[{"href":"https:\/\/www.manologarciaycia.com\/index.php?rest_route=\/wp\/v2\/types\/post"}],"author":[{"embeddable":true,"href":"https:\/\/www.manologarciaycia.com\/index.php?rest_route=\/wp\/v2\/users\/2"}],"replies":[{"embeddable":true,"href":"https:\/\/www.manologarciaycia.com\/index.php?rest_route=%2Fwp%2Fv2%2Fcomments&post=14004"}],"version-history":[{"count":1,"href":"https:\/\/www.manologarciaycia.com\/index.php?rest_route=\/wp\/v2\/posts\/14004\/revisions"}],"predecessor-version":[{"id":14006,"href":"https:\/\/www.manologarciaycia.com\/index.php?rest_route=\/wp\/v2\/posts\/14004\/revisions\/14006"}],"wp:featuredmedia":[{"embeddable":true,"href":"https:\/\/www.manologarciaycia.com\/index.php?rest_route=\/wp\/v2\/media\/14005"}],"wp:attachment":[{"href":"https:\/\/www.manologarciaycia.com\/index.php?rest_route=%2Fwp%2Fv2%2Fmedia&parent=14004"}],"wp:term":[{"taxonomy":"category","embeddable":true,"href":"https:\/\/www.manologarciaycia.com\/index.php?rest_route=%2Fwp%2Fv2%2Fcategories&post=14004"},{"taxonomy":"post_tag","embeddable":true,"href":"https:\/\/www.manologarciaycia.com\/index.php?rest_route=%2Fwp%2Fv2%2Ftags&post=14004"}],"curies":[{"name":"wp","href":"https:\/\/api.w.org\/{rel}","templated":true}]}}