{"id":1399,"date":"2011-06-21T10:30:24","date_gmt":"2011-06-21T09:30:24","guid":{"rendered":"http:\/\/petaos.net\/?p=1399"},"modified":"2011-06-21T10:36:01","modified_gmt":"2011-06-21T09:36:01","slug":"mg-%e2%80%9cmusico-y-fotografo%e2%80%9d-entrevista-y-fotografias","status":"publish","type":"post","link":"https:\/\/www.manologarciaycia.com\/?p=1399","title":{"rendered":"MG: \u201cM\u00fasico y Fot\u00f3grafo\u201d &#8211; Entrevista y fotograf\u00edas&#8230;"},"content":{"rendered":"<p style=\"line-height: 1.9em; color: #525252; font-size: 12px; text-align: justify;\"><strong>El pasado mes de Enero tuvimos la suerte de coincidir con Manolo Garc\u00eda en la presentaci\u00f3n de su exposici\u00f3n fotogr\u00e1fica \u201cSaldremos a la lluvia \u201cen M\u00e9rida, esta exposici\u00f3n fotogr\u00e1fica no es solo de \u00e9l, sino tambi\u00e9n de su amigo el fot\u00f3grafo de naturaleza Jos\u00e9 Mar\u00eda Ben\u00edtez, que es el autor de la foto de la portada de su \u00faltimo disco ,que tiene como titulo el mismo que el de la exposici\u00f3n \u201cSaldremos a la lluvia \u201c<\/strong><\/p>\n<p style=\"line-height: 1.9em; color: #525252; font-size: 12px; text-align: justify;\"><strong>Despu\u00e9s de conocer su gran talento para componer canciones, y de destacar su lucha por la conservaci\u00f3n de la naturaleza, Manolo Garc\u00eda tambi\u00e9n es un gran aficionado a la pintura y fotograf\u00eda, En su apretada agenda tuvo un momento para objetivonatural y asi responder a nuestras preguntas.<\/strong><\/p>\n<p><img loading=\"lazy\" decoding=\"async\" class=\"aligncenter\" src=\"http:\/\/fotoenlacenatural.com\/revistadigital\/wp-content\/uploads\/2011\/06\/rueda-de-prensa2.jpg\" alt=\"\" width=\"392\" height=\"256\" \/><\/p>\n<p style=\"line-height: 1.9em; color: #525252; font-size: 12px; text-align: justify;\"><strong>Fuente: Objetivo Natural &#8211; FotoEnlaceNatural.com (<a href=\"http:\/\/fotoenlacenatural.com\/revistadigital\/?p=741\" target=\"_blank\">ENLACE<\/a>) &#8211; Gracias a N\u00e9stor Carda por el enlace.<\/strong><\/p>\n<p><strong><br \/><strong> <\/strong><\/strong><\/p>\n<p><img loading=\"lazy\" decoding=\"async\" class=\"aligncenter\" src=\"http:\/\/fotoenlacenatural.com\/revistadigital\/wp-content\/uploads\/2011\/06\/Contraluz.jpg\" alt=\"\" width=\"392\" height=\"256\" \/><\/p>\n<p style=\"line-height: 1.9em; color: #525252; font-size: 12px; text-align: justify;\"><strong><em>-Hola Manolo \u00bfC\u00f3mo comenzaste en el mundo de la fotograf\u00eda?<\/em><\/strong>En la escuela de Artes Aplicadas y Oficios Art\u00edsticos de Barcelona, cuando estaba haciendo los cursos comunes. Aprend\u00ed los primeros pasos con una Leica de segunda mano.<\/p>\n<p style=\"line-height: 1.9em; color: #525252; font-size: 12px; text-align: justify;\"><strong><em>-Cuando hacemos fotograf\u00eda captamos un pedacito de espacio de tiempo ,pero nos gustaria que nos respondiera a esta pregunta ,ya que cada autor tiene una vision a la hora de fotografiar \u00bfQu\u00e9 te trasmite a ti la fotograf\u00eda?<\/em><\/strong><br \/>\nEnso\u00f1aci\u00f3n, intensidad, viaje. Aprendizaje.<\/p>\n<p style=\"line-height: 1.9em; color: #525252; font-size: 12px; text-align: justify;\"><strong><em>-\u00bfQu\u00e9 es para ti poder ense\u00f1ar tu trabajo fotogr\u00e1fico a trav\u00e9s de esta exposici\u00f3n?<\/em><\/strong><br \/>\nUna forma de compartir instantes.<\/p>\n<p style=\"line-height: 1.9em; color: #525252; font-size: 12px; text-align: justify;\"><strong><em>-\u00bfPor qu\u00e9 elegiste para la portada del ultimo disco la foto del zorrito?<\/em><\/strong><br \/>\nBuscaba transmitir b\u00fasqueda de libertad, que es justo lo contrario a lo que hacemos en nuestra sociedad actual, atarnos cada vez m\u00e1s a cuestiones peregrinas y angustiarnos innecesariamente.<\/p>\n<p style=\"line-height: 1.9em; color: #525252; font-size: 12px; text-align: justify;\"><img loading=\"lazy\" decoding=\"async\" class=\"aligncenter\" src=\"http:\/\/fotoenlacenatural.com\/revistadigital\/wp-content\/uploads\/2011\/06\/Rueda-de-prensa3.jpg\" alt=\"\" width=\"392\" height=\"256\" \/><\/p>\n<p style=\"line-height: 1.9em; color: #525252; font-size: 12px; text-align: justify;\"><img loading=\"lazy\" decoding=\"async\" class=\"aligncenter\" src=\"http:\/\/fotoenlacenatural.com\/revistadigital\/wp-content\/uploads\/2011\/06\/pechiazul-JMB.jpg\" alt=\"\" width=\"392\" height=\"256\" \/><\/p>\n<p style=\"line-height: 1.9em; color: #525252; font-size: 12px; text-align: justify;\"><strong><em>-Hemos visto que tiene fotos muy buenas de paisajes, nos gustar\u00eda saber que te\u00a0 trasmiten los diferentes paisajes que ves\u00a0 durante tu gira por toda Espa\u00f1a y Latinoam\u00e9rica.<\/em><\/strong><br \/>\nCasi siempre hago fotos de paisajes no contaminados por presencia humana. Huyo del cansancio de una saturaci\u00f3n visual de cantidades ingentes de elementos puestos en medio de la naturaleza por la mano del hombre, que nos aleja cada vez m\u00e1s de la idea de vivir. Si acaso consiguen hacernos sobrevivir.<\/p>\n<p style=\"line-height: 1.9em; color: #525252; font-size: 12px; text-align: justify;\"><strong><em>-\u00bfQu\u00e9 es para ti compartir la exposici\u00f3n con tu amigo Jos\u00e9 Mar\u00eda?<\/em><\/strong><br \/>\nUn honor, porque con Jos\u00e9 Mar\u00eda me une una pasi\u00f3n por la naturaleza y adem\u00e1s \u00e9l domina la disciplina; trabaja seriamente en ella mientras que yo \u00fanicamente soy un \u201cdisparador\u201d ocasional.<\/p>\n<p style=\"line-height: 1.9em; color: #525252; font-size: 12px; text-align: justify;\"><strong><em>-Nos gustar\u00eda, por \u00a0\u00faltimo, que expresaras un deseo en la andadura de nuestra revista digital\u00a0 objetivonatural.com <\/em><\/strong><br \/>\nQue difund\u00e1is al m\u00e1ximo vuestra labor porque es un punto de encuentro excepcional para los amantes, profesionales o no, de la fotograf\u00eda.<\/p>\n<p style=\"line-height: 1.9em; color: #525252; font-size: 12px;\"><strong>Autor:\u00a0<strong>Antonio Fern\u00e1ndez y Jos\u00e9 Maria Benitez &#8211; <\/strong><\/strong><strong>Fotograf\u00edas: Jos\u00e9 Maria Benitez &#8211; <\/strong><strong>Agradecimientos a Manolo Garcia y a Jos\u00e9 Maria Benitez<\/strong><\/p>\n<p><strong><strong> <\/strong><strong><em> <\/em><\/strong><strong><em> <\/em><\/strong><\/strong><\/p>\n<p><strong> <\/strong><\/p>\n<p><strong> <\/strong><strong> <\/strong><\/p>\n","protected":false},"excerpt":{"rendered":"<p>El pasado mes de Enero tuvimos la suerte de coincidir con Manolo Garc\u00eda en la presentaci\u00f3n de su exposici\u00f3n fotogr\u00e1fica \u201cSaldremos a la lluvia \u201cen M\u00e9rida, esta exposici\u00f3n fotogr\u00e1fica no es solo de \u00e9l, sino tambi\u00e9n de su amigo el fot\u00f3grafo de naturaleza Jos\u00e9 Mar\u00eda Ben\u00edtez, que es el autor de la foto de la<a class=\"moretag\" href=\"https:\/\/www.manologarciaycia.com\/?p=1399\" title=\"MG: \u201cM\u00fasico y Fot\u00f3grafo\u201d &#8211; Entrevista y fotograf\u00edas&#8230;\" target=\"_self\" rel=\"follow\"> <font face=arial size=2>[Leer m\u00e1s]<\/font> <\/a><\/p>\n","protected":false},"author":2,"featured_media":0,"comment_status":"closed","ping_status":"closed","sticky":false,"template":"","format":"standard","meta":{"footnotes":""},"categories":[1],"tags":[226],"class_list":["post-1399","post","type-post","status-publish","format-standard","hentry","category-manolo-garcia","tag-manolo-garcia-fotografo-musico-entrevista-exposicion-merida"],"_links":{"self":[{"href":"https:\/\/www.manologarciaycia.com\/index.php?rest_route=\/wp\/v2\/posts\/1399","targetHints":{"allow":["GET"]}}],"collection":[{"href":"https:\/\/www.manologarciaycia.com\/index.php?rest_route=\/wp\/v2\/posts"}],"about":[{"href":"https:\/\/www.manologarciaycia.com\/index.php?rest_route=\/wp\/v2\/types\/post"}],"author":[{"embeddable":true,"href":"https:\/\/www.manologarciaycia.com\/index.php?rest_route=\/wp\/v2\/users\/2"}],"replies":[{"embeddable":true,"href":"https:\/\/www.manologarciaycia.com\/index.php?rest_route=%2Fwp%2Fv2%2Fcomments&post=1399"}],"version-history":[{"count":6,"href":"https:\/\/www.manologarciaycia.com\/index.php?rest_route=\/wp\/v2\/posts\/1399\/revisions"}],"predecessor-version":[{"id":1405,"href":"https:\/\/www.manologarciaycia.com\/index.php?rest_route=\/wp\/v2\/posts\/1399\/revisions\/1405"}],"wp:attachment":[{"href":"https:\/\/www.manologarciaycia.com\/index.php?rest_route=%2Fwp%2Fv2%2Fmedia&parent=1399"}],"wp:term":[{"taxonomy":"category","embeddable":true,"href":"https:\/\/www.manologarciaycia.com\/index.php?rest_route=%2Fwp%2Fv2%2Fcategories&post=1399"},{"taxonomy":"post_tag","embeddable":true,"href":"https:\/\/www.manologarciaycia.com\/index.php?rest_route=%2Fwp%2Fv2%2Ftags&post=1399"}],"curies":[{"name":"wp","href":"https:\/\/api.w.org\/{rel}","templated":true}]}}