{"id":1397,"date":"2011-06-21T08:20:27","date_gmt":"2011-06-21T07:20:27","guid":{"rendered":"http:\/\/petaos.net\/?p=1397"},"modified":"2011-06-21T08:20:27","modified_gmt":"2011-06-21T07:20:27","slug":"ramos-marin-nuevo-concierto-castelldefels-26-junio","status":"publish","type":"post","link":"https:\/\/www.manologarciaycia.com\/?p=1397","title":{"rendered":"Ramos &#038; Mar\u00edn: Nuevo concierto, Castelldefels 26 Junio"},"content":{"rendered":"<p>Domingo, 26 de junio a las 19:00 en Chiringuito Carita Morena, Castelldefells, Spain, concierto de Ramos &#038; Mar\u00edn.<\/p>\n<p>RICARDO MARIN (Manolo Garc\u00eda, Miguel Rios, Rosario,Ariel rot,Antonio Vega,etc.) se une al bajista de \u00abLos Secretos\u00bb JUANJO RAMOS, en una fusi\u00f3n que da como resultado un extraordinario recorrido ac\u00fastico por los mejores momentos del pop espa\u00f1ol y extraradio.<\/p>\n<p><iframe loading=\"lazy\" width=\"640\" height=\"390\" src=\"http:\/\/www.youtube.com\/embed\/MsZZcPryriE\" frameborder=\"0\" allowfullscreen><\/iframe><\/p>\n<p>Fuente: Ricardo Mar\u00edn.<\/p>\n","protected":false},"excerpt":{"rendered":"<p>Domingo, 26 de junio a las 19:00 en Chiringuito Carita Morena, Castelldefells, Spain, concierto de Ramos &#038; Mar\u00edn. RICARDO MARIN (Manolo Garc\u00eda, Miguel Rios, Rosario,Ariel rot,Antonio Vega,etc.) se une al bajista de \u00abLos Secretos\u00bb JUANJO RAMOS, en una fusi\u00f3n que da como resultado un extraordinario recorrido ac\u00fastico por los mejores momentos del pop espa\u00f1ol y<a class=\"moretag\" href=\"https:\/\/www.manologarciaycia.com\/?p=1397\" title=\"Ramos &#038; Mar\u00edn: Nuevo concierto, Castelldefels 26 Junio\" target=\"_self\" rel=\"follow\"> <font face=arial size=2>[Leer m\u00e1s]<\/font> <\/a><\/p>\n","protected":false},"author":2,"featured_media":0,"comment_status":"closed","ping_status":"closed","sticky":false,"template":"","format":"standard","meta":{"footnotes":""},"categories":[23],"tags":[225],"class_list":["post-1397","post","type-post","status-publish","format-standard","hentry","category-otros","tag-ricardo-marin-juanjo-ramos-concierto-castelldefels-barcelona"],"_links":{"self":[{"href":"https:\/\/www.manologarciaycia.com\/index.php?rest_route=\/wp\/v2\/posts\/1397","targetHints":{"allow":["GET"]}}],"collection":[{"href":"https:\/\/www.manologarciaycia.com\/index.php?rest_route=\/wp\/v2\/posts"}],"about":[{"href":"https:\/\/www.manologarciaycia.com\/index.php?rest_route=\/wp\/v2\/types\/post"}],"author":[{"embeddable":true,"href":"https:\/\/www.manologarciaycia.com\/index.php?rest_route=\/wp\/v2\/users\/2"}],"replies":[{"embeddable":true,"href":"https:\/\/www.manologarciaycia.com\/index.php?rest_route=%2Fwp%2Fv2%2Fcomments&post=1397"}],"version-history":[{"count":1,"href":"https:\/\/www.manologarciaycia.com\/index.php?rest_route=\/wp\/v2\/posts\/1397\/revisions"}],"predecessor-version":[{"id":1398,"href":"https:\/\/www.manologarciaycia.com\/index.php?rest_route=\/wp\/v2\/posts\/1397\/revisions\/1398"}],"wp:attachment":[{"href":"https:\/\/www.manologarciaycia.com\/index.php?rest_route=%2Fwp%2Fv2%2Fmedia&parent=1397"}],"wp:term":[{"taxonomy":"category","embeddable":true,"href":"https:\/\/www.manologarciaycia.com\/index.php?rest_route=%2Fwp%2Fv2%2Fcategories&post=1397"},{"taxonomy":"post_tag","embeddable":true,"href":"https:\/\/www.manologarciaycia.com\/index.php?rest_route=%2Fwp%2Fv2%2Ftags&post=1397"}],"curies":[{"name":"wp","href":"https:\/\/api.w.org\/{rel}","templated":true}]}}