{"id":1394,"date":"2011-07-25T16:00:19","date_gmt":"2011-07-25T15:00:19","guid":{"rendered":"http:\/\/petaos.net\/?p=1394"},"modified":"2011-07-31T09:57:25","modified_gmt":"2011-07-31T08:57:25","slug":"mg-emision-del-acustico-en-el-timpano-mx-en-once-tv","status":"publish","type":"post","link":"https:\/\/www.manologarciaycia.com\/?p=1394","title":{"rendered":"MG: Emisi\u00f3n del Ac\u00fastico en el T\u00edmpano (MX) en Once TV"},"content":{"rendered":"<p>2 de Julio, a las 20:00 (hora MX) ny a trav\u00e9s de ONCE TV (M\u00e9xico), emisi\u00f3n la entrevista\/ac\u00fastico que Manolo Garc\u00eda grab\u00f3 en M\u00e9xico el pasado mes de Noviembre de 2010, durante la presentaci\u00f3n de \u00abDe Mares y visiones\u00bb. Videos subidos por Alfredo\/Paton y ViajerodeBarro, gracias!!<\/p>\n<p>PD: A\u00f1adida segunda parte de la entrevista.<\/p>\n<p>Intro:<\/p>\n<p><iframe loading=\"lazy\" width=\"640\" height=\"390\" src=\"http:\/\/www.youtube.com\/embed\/lyCuAkXocoY\" frameborder=\"0\" allowfullscreen><\/iframe><\/p>\n<p>Primera Parte Entrevista:<\/p>\n<p><iframe loading=\"lazy\" width=\"560\" height=\"349\" src=\"http:\/\/www.youtube.com\/embed\/KShaVdoaHH4\" frameborder=\"0\" allowfullscreen><\/iframe><\/p>\n<p>Segunda Parte Entrevista:<br \/>\n<iframe loading=\"lazy\" width=\"560\" height=\"349\" src=\"http:\/\/www.youtube.com\/embed\/W1wETKaYT8s\" frameborder=\"0\" allowfullscreen><\/iframe><\/p>\n<p>Parte Final, Ranchera:<br \/>\n<iframe loading=\"lazy\" width=\"560\" height=\"349\" src=\"http:\/\/www.youtube.com\/embed\/2FrDY1IoDzg\" frameborder=\"0\" allowfullscreen><\/iframe><\/p>\n<p>Solo Amar:<\/p>\n<p><iframe loading=\"lazy\" width=\"560\" height=\"349\" src=\"http:\/\/www.youtube.com\/embed\/4CKDvQxWg7k\" frameborder=\"0\" allowfullscreen><\/iframe><\/p>\n<p>P\u00e1jaros de Barro:<\/p>\n<p><iframe loading=\"lazy\" width=\"560\" height=\"349\" src=\"http:\/\/www.youtube.com\/embed\/rn-YCQHgH_Y\" frameborder=\"0\" allowfullscreen><\/iframe><\/p>\n<p>Para que no se duerman mis sentidos:<\/p>\n<p><iframe loading=\"lazy\" width=\"640\" height=\"390\" src=\"http:\/\/www.youtube.com\/embed\/QKKNSAvTalc\" frameborder=\"0\" allowfullscreen><\/iframe><\/p>\n<p>Zapatero:<\/p>\n<p><iframe loading=\"lazy\" width=\"640\" height=\"390\" src=\"http:\/\/www.youtube.com\/embed\/hdsXEbS51BA\" frameborder=\"0\" allowfullscreen><\/iframe><\/p>\n<p>Promo:<\/p>\n<p><iframe loading=\"lazy\" width=\"640\" height=\"390\" src=\"http:\/\/www.youtube.com\/embed\/p9Ih3K1_owU\" frameborder=\"0\" allowfullscreen><\/iframe><\/p>\n<p>Fuente: Once TV (<a href=\"http:\/\/oncetv-ipn.net\/eltimpano\/\" target=\"_blank\">web<\/a>)<\/p>\n","protected":false},"excerpt":{"rendered":"<p>2 de Julio, a las 20:00 (hora MX) ny a trav\u00e9s de ONCE TV (M\u00e9xico), emisi\u00f3n la entrevista\/ac\u00fastico que Manolo Garc\u00eda grab\u00f3 en M\u00e9xico el pasado mes de Noviembre de 2010, durante la presentaci\u00f3n de \u00abDe Mares y visiones\u00bb. Videos subidos por Alfredo\/Paton y ViajerodeBarro, gracias!! PD: A\u00f1adida segunda parte de la entrevista. Intro: Primera<a class=\"moretag\" href=\"https:\/\/www.manologarciaycia.com\/?p=1394\" title=\"MG: Emisi\u00f3n del Ac\u00fastico en el T\u00edmpano (MX) en Once TV\" target=\"_self\" rel=\"follow\"> <font face=arial size=2>[Leer m\u00e1s]<\/font> <\/a><\/p>\n","protected":false},"author":2,"featured_media":0,"comment_status":"closed","ping_status":"closed","sticky":false,"template":"","format":"standard","meta":{"footnotes":""},"categories":[1],"tags":[231],"class_list":["post-1394","post","type-post","status-publish","format-standard","hentry","category-manolo-garcia","tag-manolo-garcia-timpano-mexico-noviembre-2010-acustico-entrevista"],"_links":{"self":[{"href":"https:\/\/www.manologarciaycia.com\/index.php?rest_route=\/wp\/v2\/posts\/1394","targetHints":{"allow":["GET"]}}],"collection":[{"href":"https:\/\/www.manologarciaycia.com\/index.php?rest_route=\/wp\/v2\/posts"}],"about":[{"href":"https:\/\/www.manologarciaycia.com\/index.php?rest_route=\/wp\/v2\/types\/post"}],"author":[{"embeddable":true,"href":"https:\/\/www.manologarciaycia.com\/index.php?rest_route=\/wp\/v2\/users\/2"}],"replies":[{"embeddable":true,"href":"https:\/\/www.manologarciaycia.com\/index.php?rest_route=%2Fwp%2Fv2%2Fcomments&post=1394"}],"version-history":[{"count":11,"href":"https:\/\/www.manologarciaycia.com\/index.php?rest_route=\/wp\/v2\/posts\/1394\/revisions"}],"predecessor-version":[{"id":1441,"href":"https:\/\/www.manologarciaycia.com\/index.php?rest_route=\/wp\/v2\/posts\/1394\/revisions\/1441"}],"wp:attachment":[{"href":"https:\/\/www.manologarciaycia.com\/index.php?rest_route=%2Fwp%2Fv2%2Fmedia&parent=1394"}],"wp:term":[{"taxonomy":"category","embeddable":true,"href":"https:\/\/www.manologarciaycia.com\/index.php?rest_route=%2Fwp%2Fv2%2Fcategories&post=1394"},{"taxonomy":"post_tag","embeddable":true,"href":"https:\/\/www.manologarciaycia.com\/index.php?rest_route=%2Fwp%2Fv2%2Ftags&post=1394"}],"curies":[{"name":"wp","href":"https:\/\/api.w.org\/{rel}","templated":true}]}}