{"id":139,"date":"2009-11-26T10:23:45","date_gmt":"2009-11-26T09:23:45","guid":{"rendered":"http:\/\/petaos.net\/?p=139"},"modified":"2009-11-26T10:48:00","modified_gmt":"2009-11-26T09:48:00","slug":"nuevas-fechas-quimi-portet-world-tour-2010","status":"publish","type":"post","link":"https:\/\/www.manologarciaycia.com\/?p=139","title":{"rendered":"Nuevas Fechas &#8211; Quimi Portet World Tour 2010!!"},"content":{"rendered":"<p style=\"text-align: center;\"><img loading=\"lazy\" decoding=\"async\" class=\"aligncenter\" src=\"http:\/\/www.quimiportet.com\/images\/Bandamunicipal.jpg\" alt=\"\" width=\"400\" height=\"88\" \/><\/p>\n<p style=\"text-align: center;\"><em><strong>Nuevas Fechas del World Tour 2010 de Quimi Portet:<\/strong><\/em><\/p>\n<p>7, 8 i 9 de Enero. Essakane, Tombouct\u00fa. Festival au Desert. (Mali)<br \/>\n23 de Enero. La Garriga (El Vall\u00e8s Oriental)<br \/>\n24 de Enero. Castellbisbal (El Vall\u00e8s Occidental)<br \/>\n26 de Enero. Barcelona (El Barcelon\u00e8s). Recordatorio de Marc Grau.<br \/>\n29 de Enero. Lloret de Mar (La Selva))<br \/>\n30 de Enero. L&#8217;Hospitalet de Llobregat (El Barcelon\u00e8s)<br \/>\n6 de Febrero. Cardedeu (El Vall\u00e8s Oriental)<br \/>\n7 de Febrero. Girona (El Giron\u00e8s)<br \/>\n19 de Febrero. Matar\u00f3 (El Maresme)<br \/>\n26 de Febrero. Alcoi (L&#8217;Alcoi\u00e0)<br \/>\n6 de Marzo. St. Hip\u00f2lit de Voltreg\u00e0 (Osona)<br \/>\n12 de Marzo. El Prat de Llobregat (El Baix Llobregat)<br \/>\n13 de Marzo. Valls (L&#8217;Alt Camp)<br \/>\n19 de Marzo. Castellar del Vall\u00e8s (El Vall\u00e8s Occidental)<br \/>\n20 de Marzo. Calldetenes (Osona)<br \/>\n9 de Abril. Manresa (El Bages)<br \/>\n10 de Abril. Vilafranca del Pened\u00e8s (L&#8217;Alt Pened\u00e8s)<br \/>\n17 de Abril. Barber\u00e0 del Vall\u00e8s (El Vall\u00e8s Occidental)<br \/>\n1 de Mayo. Vic (Osona)<br \/>\n13 de Mayo. Badalona (El Barcelon\u00e8s)<br \/>\n16 de Mayo. Parets del Vall\u00e8s (El Vall\u00e8s Oriental)<br \/>\n22 de Mayo. Premi\u00e0 de Mar (El Maresme)<br \/>\n18 de Junio. Corbera de Llobregat (El Baix Llobregat)<\/p>\n<p>Fuente: Pagina Oficial Quimi Portet &#8211; www.quimiportet.com<\/p>\n","protected":false},"excerpt":{"rendered":"<p>Nuevas Fechas del World Tour 2010 de Quimi Portet: 7, 8 i 9 de Enero. Essakane, Tombouct\u00fa. Festival au Desert. (Mali) 23 de Enero. La Garriga (El Vall\u00e8s Oriental) 24 de Enero. Castellbisbal (El Vall\u00e8s Occidental) 26 de Enero. Barcelona (El Barcelon\u00e8s). Recordatorio de Marc Grau. 29 de Enero. Lloret de Mar (La Selva)) 30<a class=\"moretag\" href=\"https:\/\/www.manologarciaycia.com\/?p=139\" title=\"Nuevas Fechas &#8211; Quimi Portet World Tour 2010!!\" target=\"_self\" rel=\"follow\"> <font face=arial size=2>[Leer m\u00e1s]<\/font> <\/a><\/p>\n","protected":false},"author":2,"featured_media":0,"comment_status":"closed","ping_status":"open","sticky":false,"template":"","format":"standard","meta":{"footnotes":""},"categories":[9],"tags":[34],"class_list":["post-139","post","type-post","status-publish","format-standard","hentry","category-qumi-portet","tag-quimi-portet-concierto-world-tour-2010-gira"],"_links":{"self":[{"href":"https:\/\/www.manologarciaycia.com\/index.php?rest_route=\/wp\/v2\/posts\/139","targetHints":{"allow":["GET"]}}],"collection":[{"href":"https:\/\/www.manologarciaycia.com\/index.php?rest_route=\/wp\/v2\/posts"}],"about":[{"href":"https:\/\/www.manologarciaycia.com\/index.php?rest_route=\/wp\/v2\/types\/post"}],"author":[{"embeddable":true,"href":"https:\/\/www.manologarciaycia.com\/index.php?rest_route=\/wp\/v2\/users\/2"}],"replies":[{"embeddable":true,"href":"https:\/\/www.manologarciaycia.com\/index.php?rest_route=%2Fwp%2Fv2%2Fcomments&post=139"}],"version-history":[{"count":5,"href":"https:\/\/www.manologarciaycia.com\/index.php?rest_route=\/wp\/v2\/posts\/139\/revisions"}],"predecessor-version":[{"id":143,"href":"https:\/\/www.manologarciaycia.com\/index.php?rest_route=\/wp\/v2\/posts\/139\/revisions\/143"}],"wp:attachment":[{"href":"https:\/\/www.manologarciaycia.com\/index.php?rest_route=%2Fwp%2Fv2%2Fmedia&parent=139"}],"wp:term":[{"taxonomy":"category","embeddable":true,"href":"https:\/\/www.manologarciaycia.com\/index.php?rest_route=%2Fwp%2Fv2%2Fcategories&post=139"},{"taxonomy":"post_tag","embeddable":true,"href":"https:\/\/www.manologarciaycia.com\/index.php?rest_route=%2Fwp%2Fv2%2Ftags&post=139"}],"curies":[{"name":"wp","href":"https:\/\/api.w.org\/{rel}","templated":true}]}}