{"id":13896,"date":"2015-12-21T19:17:06","date_gmt":"2015-12-21T18:17:06","guid":{"rendered":"http:\/\/www.manologarciaycia.com\/?p=13896"},"modified":"2015-12-21T19:19:45","modified_gmt":"2015-12-21T18:19:45","slug":"los-burros-y-los-rapidos-agotan-las-entradas-para-sus-cuatro-conciertos-en-madrid-y-barcelona","status":"publish","type":"post","link":"https:\/\/www.manologarciaycia.com\/?p=13896","title":{"rendered":"Los Burros y Los R\u00e1pidos agotan las entradas para sus cuatro conciertos en Madrid y Barcelona"},"content":{"rendered":"<p>Los Burros volver\u00e1n a tocar en directo. Excepcionalmente y casi tres d\u00e9cadas despu\u00e9s de su \u00faltimo concierto, la m\u00edtica banda precursora de El \u00daltimo de la Fila ofrecer\u00e1 finalmente cuatro conciertos tras agotar las entradas de las primeras fechas a los diez minutos de ponerse a la venta. Los conciertos se celebrar\u00e1n los d\u00edas 19 y 21 en La Riviera, Madrid y los d\u00edas 26 y 28 de Febrero en la Sala Razzmatazz de Barcelona.<\/p>\n<p>En estos conciertos, Los Burros compartir\u00e1n escenario con Los R\u00e1pidos, su banda predecesora. Sobre el escenario, Manolo Garc\u00eda y Quimi Portet, estar\u00e1n acompa\u00f1ados por la banda original de Los Burros: Antonio Fidel al bajo y Josep Llu\u00eds P\u00e9rez a la guitarra el\u00e9ctrica, as\u00ed como tambi\u00e9n de Llu\u00eds Visiers, bater\u00eda, y Esteban Mart\u00edn Hirschfeld, teclados,  integrantes ambos de Los R\u00e1pidos. Interpretar\u00e1n canciones del \u00e1lbum de Los Burros y  de los dos de Los R\u00e1pidos contenidos en la caja Historia de una banda (Autobiograf\u00eda S\u00f3nica). Publicada el pasado 20 de noviembre, esta caja re\u00fane, adem\u00e1s de los ya mencionados discos de Los R\u00e1pidos y Los Burros, un doble disco en directo de la \u00faltima gira de El \u00daltimo de la Fila; el \u00fanico directo publicado de la banda.<\/p>\n<p>Consigue Historia de una banda (Autobiograf\u00eda S\u00f3nica) en <a href=\"https:\/\/itunes.apple.com\/es\/album\/ultimo-la-fila-los-burros\/id1048590196\" target=\"_blank\">iTunes<\/a>!<\/p>\n<p>Fuente: P\u00e1gina Oficial Sony Manolo Garc\u00eda &#8211; <a href=\"http:\/\/www.manolo-garcia.com\/2015\/12\/21\/los-burros-y-los-rapidos-agotan-las-entradas-para-sus-cuatro-conciertos-en-madrid-y-barcelona\/\" target=\"_blank\">ENLACE<\/a><\/p>\n","protected":false},"excerpt":{"rendered":"<p>Los Burros volver\u00e1n a tocar en directo. Excepcionalmente y casi tres d\u00e9cadas despu\u00e9s de su \u00faltimo concierto, la m\u00edtica banda precursora de El \u00daltimo de la Fila ofrecer\u00e1 finalmente cuatro conciertos tras agotar las entradas de las primeras fechas a los diez minutos de ponerse a la venta. Los conciertos se celebrar\u00e1n los d\u00edas 19<a class=\"moretag\" href=\"https:\/\/www.manologarciaycia.com\/?p=13896\" title=\"Los Burros y Los R\u00e1pidos agotan las entradas para sus cuatro conciertos en Madrid y Barcelona\" target=\"_self\" rel=\"follow\"> <font face=arial size=2>[Leer m\u00e1s]<\/font> <\/a><\/p>\n","protected":false},"author":2,"featured_media":13752,"comment_status":"closed","ping_status":"closed","sticky":false,"template":"","format":"standard","meta":{"footnotes":""},"categories":[1],"tags":[],"class_list":["post-13896","post","type-post","status-publish","format-standard","has-post-thumbnail","hentry","category-manolo-garcia"],"_links":{"self":[{"href":"https:\/\/www.manologarciaycia.com\/index.php?rest_route=\/wp\/v2\/posts\/13896","targetHints":{"allow":["GET"]}}],"collection":[{"href":"https:\/\/www.manologarciaycia.com\/index.php?rest_route=\/wp\/v2\/posts"}],"about":[{"href":"https:\/\/www.manologarciaycia.com\/index.php?rest_route=\/wp\/v2\/types\/post"}],"author":[{"embeddable":true,"href":"https:\/\/www.manologarciaycia.com\/index.php?rest_route=\/wp\/v2\/users\/2"}],"replies":[{"embeddable":true,"href":"https:\/\/www.manologarciaycia.com\/index.php?rest_route=%2Fwp%2Fv2%2Fcomments&post=13896"}],"version-history":[{"count":1,"href":"https:\/\/www.manologarciaycia.com\/index.php?rest_route=\/wp\/v2\/posts\/13896\/revisions"}],"predecessor-version":[{"id":13897,"href":"https:\/\/www.manologarciaycia.com\/index.php?rest_route=\/wp\/v2\/posts\/13896\/revisions\/13897"}],"wp:featuredmedia":[{"embeddable":true,"href":"https:\/\/www.manologarciaycia.com\/index.php?rest_route=\/wp\/v2\/media\/13752"}],"wp:attachment":[{"href":"https:\/\/www.manologarciaycia.com\/index.php?rest_route=%2Fwp%2Fv2%2Fmedia&parent=13896"}],"wp:term":[{"taxonomy":"category","embeddable":true,"href":"https:\/\/www.manologarciaycia.com\/index.php?rest_route=%2Fwp%2Fv2%2Fcategories&post=13896"},{"taxonomy":"post_tag","embeddable":true,"href":"https:\/\/www.manologarciaycia.com\/index.php?rest_route=%2Fwp%2Fv2%2Ftags&post=13896"}],"curies":[{"name":"wp","href":"https:\/\/api.w.org\/{rel}","templated":true}]}}