{"id":13893,"date":"2015-12-19T12:54:14","date_gmt":"2015-12-19T11:54:14","guid":{"rendered":"http:\/\/www.manologarciaycia.com\/?p=13893"},"modified":"2015-12-22T07:01:40","modified_gmt":"2015-12-22T06:01:40","slug":"los-burros-ofrecen-un-segundo-concierto-en-madrid-y-barcelona-quedan-entradas","status":"publish","type":"post","link":"https:\/\/www.manologarciaycia.com\/?p=13893","title":{"rendered":"Los Burros ofrecen un segundo concierto en Madrid y Barcelona (quedan entradas!)"},"content":{"rendered":"<p>La formaci\u00f3n precursora de El \u00daltimo de la Fila agota en menos de media hora las entradas de su reencuentro.<\/p>\n<p>\u00c9xito total del reencuentro de Los Burros y Los R\u00e1pidos, dos de las formaciones previas de El \u00daltimo de la Fila. Las entradas para los dos \u00fanicos conciertos que hab\u00edan programado inicialmente Manolo Garc\u00eda y Quimi Portet, junto con sus compa\u00f1eros de hace tres d\u00e9cadas, se han agotado en menos de 25 minutos. Ante lo cual se han programado dos nuevas fechas.<\/p>\n<p><b><u>Las fechas<\/b><\/u><\/p>\n<p>Los nuevos conciertos se celebrar\u00e1n el domingo 21 de febrero en La Riviera de Madrid, y siete d\u00edas despu\u00e9s, el 28 de febrero, en la Sala Razzmatazz de Barcelona, y este viernes a las 14:30 aun hab\u00eda entradas para ambas fechas. <\/p>\n<p>Manolo Garc\u00eda y Quimi Portet no estar\u00e1n solos en el escenario. Para la ocasi\u00f3n han reunido a otros integrantes de las ya m\u00edticas bandas: Antonio Fidel, Josep Llu\u00eds P\u00e9rez, Llu\u00eds Visiers y Esteban Mart\u00edn Hirschfeld.<\/p>\n<p>Fuente: Cr\u00f3nica Global &#8211; <a href=\"http:\/\/www.cronicaglobal.com\/es\/notices\/2015\/12\/los-burros-ofrecen-un-segundo-concierto-en-madrid-y-barcelona-29998.php\" target=\"_blank\">ENLACE<\/a> &#8211; <a href=\"http:\/\/www.ticktackticket.com\/entradas\/buscar.do?claves=burros&#038;categoria=TOT&#038;poblacion=t&#038;dia=18&#038;mesany=122015&#038;diaSelected=17&#038;mesanySelected=0&#038;origin=MANO\" target=\"_blank\">ENTRADAS AQUI<\/a><\/p>\n","protected":false},"excerpt":{"rendered":"<p>La formaci\u00f3n precursora de El \u00daltimo de la Fila agota en menos de media hora las entradas de su reencuentro. \u00c9xito total del reencuentro de Los Burros y Los R\u00e1pidos, dos de las formaciones previas de El \u00daltimo de la Fila. Las entradas para los dos \u00fanicos conciertos que hab\u00edan programado inicialmente Manolo Garc\u00eda y<a class=\"moretag\" href=\"https:\/\/www.manologarciaycia.com\/?p=13893\" title=\"Los Burros ofrecen un segundo concierto en Madrid y Barcelona (quedan entradas!)\" target=\"_self\" rel=\"follow\"> <font face=arial size=2>[Leer m\u00e1s]<\/font> <\/a><\/p>\n","protected":false},"author":2,"featured_media":13811,"comment_status":"closed","ping_status":"closed","sticky":false,"template":"","format":"standard","meta":{"footnotes":""},"categories":[1],"tags":[],"class_list":["post-13893","post","type-post","status-publish","format-standard","has-post-thumbnail","hentry","category-manolo-garcia"],"_links":{"self":[{"href":"https:\/\/www.manologarciaycia.com\/index.php?rest_route=\/wp\/v2\/posts\/13893","targetHints":{"allow":["GET"]}}],"collection":[{"href":"https:\/\/www.manologarciaycia.com\/index.php?rest_route=\/wp\/v2\/posts"}],"about":[{"href":"https:\/\/www.manologarciaycia.com\/index.php?rest_route=\/wp\/v2\/types\/post"}],"author":[{"embeddable":true,"href":"https:\/\/www.manologarciaycia.com\/index.php?rest_route=\/wp\/v2\/users\/2"}],"replies":[{"embeddable":true,"href":"https:\/\/www.manologarciaycia.com\/index.php?rest_route=%2Fwp%2Fv2%2Fcomments&post=13893"}],"version-history":[{"count":2,"href":"https:\/\/www.manologarciaycia.com\/index.php?rest_route=\/wp\/v2\/posts\/13893\/revisions"}],"predecessor-version":[{"id":13895,"href":"https:\/\/www.manologarciaycia.com\/index.php?rest_route=\/wp\/v2\/posts\/13893\/revisions\/13895"}],"wp:featuredmedia":[{"embeddable":true,"href":"https:\/\/www.manologarciaycia.com\/index.php?rest_route=\/wp\/v2\/media\/13811"}],"wp:attachment":[{"href":"https:\/\/www.manologarciaycia.com\/index.php?rest_route=%2Fwp%2Fv2%2Fmedia&parent=13893"}],"wp:term":[{"taxonomy":"category","embeddable":true,"href":"https:\/\/www.manologarciaycia.com\/index.php?rest_route=%2Fwp%2Fv2%2Fcategories&post=13893"},{"taxonomy":"post_tag","embeddable":true,"href":"https:\/\/www.manologarciaycia.com\/index.php?rest_route=%2Fwp%2Fv2%2Ftags&post=13893"}],"curies":[{"name":"wp","href":"https:\/\/api.w.org\/{rel}","templated":true}]}}