{"id":13882,"date":"2015-12-19T07:38:14","date_gmt":"2015-12-19T06:38:14","guid":{"rendered":"http:\/\/www.manologarciaycia.com\/?p=13882"},"modified":"2015-12-19T07:38:14","modified_gmt":"2015-12-19T06:38:14","slug":"el-maraton-de-esradio-consigue-25-900-kilos-para-el-banco-de-alimentos-de-albacete","status":"publish","type":"post","link":"https:\/\/www.manologarciaycia.com\/?p=13882","title":{"rendered":"El marat\u00f3n de esRadio consigue 25.900 kilos para el Banco de Alimentos de Albacete"},"content":{"rendered":"<p>La tercera edici\u00f3n del programa especial de esRadio Albacete super\u00f3 con creces las cifras del a\u00f1o pasado, cuando se consiguieron 25.000 kilos. El espacio, dirigido por Nacho Garc\u00eda, director de la emisora, arranc\u00f3 a las 12:00 de la ma\u00f1ana, una emisi\u00f3n en directo desde la plaza del Altozano con presencia y apoyo de asociaciones, instituciones, colegios profesionales, militares, colegios, ayuntamientos de la provincia, sindicatos agrarios, empresas y personas an\u00f3nimas en un programa multitudinario con actuaciones en directo.<\/p>\n<p>En el III Marat\u00f3n de Radio a beneficio del Banco de Alimentos promovido por Albacete esRadio voluntarios y ciudadanos se dieron la mano para conseguir superar la cifra conseguida el a\u00f1o anterior: 25.900 kilos para el Banco de Alimentos al objeto de ayudar m\u00e1s a los que menos tienen, especialmente en estas fechas.<\/p>\n<p>El programa especial cont\u00f3 con la colaboraci\u00f3n de todas las autoridades, instituciones, entidades y asociaciones que quisieron brindar su ayuda al Banco de Alimentos de Albacete. Jos\u00e9 Antonio Garc\u00eda, su presidente, agradeci\u00f3 a lo largo de toda la emisi\u00f3n la iniciativa de la emisora local en beneficio de los 13.000 albacete\u00f1os que son atendidos en la capial y en la provincia.<\/p>\n<p>Dos carpas, una central de actuaciones y otra del propio Banco de Alimentos se instalaron en el kil\u00f3metro cero de Albacete para llevar a cabo la gran recogida. Los grupos The Gafapasta, Tennessee y la cantante colombiana Naela participaron en la iniciativa soliadaria, actuaciones que fueron coreadas y celebradas. Pero fue la presencia de Manolo Garc\u00eda, cantante muy unido a la localidad serrana de F\u00e9rez,  la que despert\u00f3 mayor entusiasmo. El cantautor, excomponente del \u00daltimo de la Fila, fue el centro de las miradas y los flashes y quiso estar presente en su tierra por una buena causa.<\/p>\n<p><a href=\"http:\/\/www.manologarciaycia.com\/wp-content\/uploads\/2015\/12\/mg-2.jpg\" rel=\"attachment wp-att-13883\"><img loading=\"lazy\" decoding=\"async\" src=\"http:\/\/www.manologarciaycia.com\/wp-content\/uploads\/2015\/12\/mg-2-500x290.jpg\" alt=\"mg\" width=\"500\" height=\"290\" class=\"aligncenter size-medium wp-image-13883\" srcset=\"https:\/\/www.manologarciaycia.com\/wp-content\/uploads\/2015\/12\/mg-2-500x290.jpg 500w, https:\/\/www.manologarciaycia.com\/wp-content\/uploads\/2015\/12\/mg-2-768x446.jpg 768w, https:\/\/www.manologarciaycia.com\/wp-content\/uploads\/2015\/12\/mg-2-695x404.jpg 695w, https:\/\/www.manologarciaycia.com\/wp-content\/uploads\/2015\/12\/mg-2-930x540.jpg 930w, https:\/\/www.manologarciaycia.com\/wp-content\/uploads\/2015\/12\/mg-2.jpg 980w\" sizes=\"auto, (max-width: 500px) 100vw, 500px\" \/><\/a><\/p>\n<p>Fuente: El Digital CLM &#8211; <a href=\"http:\/\/www.eldigitalcastillalamancha.es\/la-emisora-de-jimenez-losantos-bate-record-en-albacete-en-solidaridad-203840.htm\" target=\"_blank\">ENLACE<\/a><\/p>\n","protected":false},"excerpt":{"rendered":"<p>La tercera edici\u00f3n del programa especial de esRadio Albacete super\u00f3 con creces las cifras del a\u00f1o pasado, cuando se consiguieron 25.000 kilos. El espacio, dirigido por Nacho Garc\u00eda, director de la emisora, arranc\u00f3 a las 12:00 de la ma\u00f1ana, una emisi\u00f3n en directo desde la plaza del Altozano con presencia y apoyo de asociaciones, instituciones,<a class=\"moretag\" href=\"https:\/\/www.manologarciaycia.com\/?p=13882\" title=\"El marat\u00f3n de esRadio consigue 25.900 kilos para el Banco de Alimentos de Albacete\" target=\"_self\" rel=\"follow\"> <font face=arial size=2>[Leer m\u00e1s]<\/font> <\/a><\/p>\n","protected":false},"author":2,"featured_media":13884,"comment_status":"closed","ping_status":"closed","sticky":false,"template":"","format":"standard","meta":{"footnotes":""},"categories":[1],"tags":[],"class_list":["post-13882","post","type-post","status-publish","format-standard","has-post-thumbnail","hentry","category-manolo-garcia"],"_links":{"self":[{"href":"https:\/\/www.manologarciaycia.com\/index.php?rest_route=\/wp\/v2\/posts\/13882","targetHints":{"allow":["GET"]}}],"collection":[{"href":"https:\/\/www.manologarciaycia.com\/index.php?rest_route=\/wp\/v2\/posts"}],"about":[{"href":"https:\/\/www.manologarciaycia.com\/index.php?rest_route=\/wp\/v2\/types\/post"}],"author":[{"embeddable":true,"href":"https:\/\/www.manologarciaycia.com\/index.php?rest_route=\/wp\/v2\/users\/2"}],"replies":[{"embeddable":true,"href":"https:\/\/www.manologarciaycia.com\/index.php?rest_route=%2Fwp%2Fv2%2Fcomments&post=13882"}],"version-history":[{"count":2,"href":"https:\/\/www.manologarciaycia.com\/index.php?rest_route=\/wp\/v2\/posts\/13882\/revisions"}],"predecessor-version":[{"id":13886,"href":"https:\/\/www.manologarciaycia.com\/index.php?rest_route=\/wp\/v2\/posts\/13882\/revisions\/13886"}],"wp:featuredmedia":[{"embeddable":true,"href":"https:\/\/www.manologarciaycia.com\/index.php?rest_route=\/wp\/v2\/media\/13884"}],"wp:attachment":[{"href":"https:\/\/www.manologarciaycia.com\/index.php?rest_route=%2Fwp%2Fv2%2Fmedia&parent=13882"}],"wp:term":[{"taxonomy":"category","embeddable":true,"href":"https:\/\/www.manologarciaycia.com\/index.php?rest_route=%2Fwp%2Fv2%2Fcategories&post=13882"},{"taxonomy":"post_tag","embeddable":true,"href":"https:\/\/www.manologarciaycia.com\/index.php?rest_route=%2Fwp%2Fv2%2Ftags&post=13882"}],"curies":[{"name":"wp","href":"https:\/\/api.w.org\/{rel}","templated":true}]}}