{"id":13880,"date":"2015-12-19T07:28:54","date_gmt":"2015-12-19T06:28:54","guid":{"rendered":"http:\/\/www.manologarciaycia.com\/?p=13880"},"modified":"2015-12-19T07:28:54","modified_gmt":"2015-12-19T06:28:54","slug":"efe-eme-historia-de-una-banda-autobiografia-sonica","status":"publish","type":"post","link":"https:\/\/www.manologarciaycia.com\/?p=13880","title":{"rendered":"Efe Eme: \u201cHistoria de una banda (Autobiograf\u00eda s\u00f3nica)\u201d"},"content":{"rendered":"<p>\u201c\u2018Historia de una banda\u2019 muestra en dos ced\u00e9s toda la energ\u00eda, originalidad y fuerza de Quimi y Manolo, siempre muy bien acompa\u00f1ados\u201d<\/p>\n<p>Fant\u00e1stico. Toda una alegr\u00eda celebrar aniversarios as\u00ed. \u201cDesde primeros de abril hasta septiembre nos lo hemos pasado en grande haciendo nuevas canciones, revisando y reparando cintas, tocando juntos con Los R\u00e1pidos originales o poni\u00e9ndonos el traje de Los Burros o el de El \u00daltimo de la Fila\u201d, dijo Manolo Garc\u00eda seg\u00fan recoge la nota de prensa que envi\u00f3 Sony Music el 21 de octubre. La curiosidad por el grueso de la noticia y sus detalles no pudo ser satisfecha porque, de momento, no conceden entrevistas. En cambio, s\u00ed llega ese pas\u00e1rselo en grande, esa labor de recuperaci\u00f3n y esa vibraci\u00f3n positiva que desprenden las palabras de Manolo Garc\u00eda.<\/p>\n<p>La primera motivaci\u00f3n de \u201cHistoria de una banda (Autobiograf\u00eda s\u00f3nica)\u201d es celebrar el arranque en 1980 del nacimiento de Los R\u00e1pidos, su mutaci\u00f3n a Los Burros y la exitosa reencarnaci\u00f3n en El \u00daltimo de la Fila. El libro incluido en la lujosa edici\u00f3n, generoso en fotos y curiosidades, recoge el encuentro de Manolo Garc\u00eda y Esteban Hirschfeld (teclados) para formar parte de la banda que acompa\u00f1\u00f3 a Sergio Makaroff en la grabaci\u00f3n de su primer disco, \u201cTengo una idea\u201d. A ellos se suman Antonio Fidel (bajo, guitarras) y Josep Llu\u00eds P\u00e9rez (guitarras), y ah\u00ed empiezan a dar forma a Los R\u00e1pidos. Manolo pasa de la bater\u00eda a la voz y Llu\u00eds Visiers ocupa su puesto. As\u00ed publican su primer disco, de nombre hom\u00f3nimo, en 1981. Despu\u00e9s, Hirschfeld abandona el grupo para irse a Madrid, donde lograr\u00e1 aportar su fant\u00e1stico talento para mayor gloria de Nacha Pop y, sobre todo, Gabinete Caligari. En ese momento entra en Los R\u00e1pidos el que faltaba: Quimi Portet. Movimiento de ases.<\/p>\n<p>De los cinco discos incluidos en \u201cHistoria de una banda\u201d, los dos primeros est\u00e1n dedicados a Los R\u00e1pidos. El primer ced\u00e9 recupera \u00edntegro aquel estreno, m\u00e1s dos maquetas. Los tiempos veloces priman, destacando \u2018Ruta del sur\u2019, \u2018Grit\u00e9\u2019 y \u2018T.V.\u2019, tambi\u00e9n los cortes m\u00e1s cercanos al rock and roll como \u2018Septiembre\u2019. A su vez, el sentido del humor surrealista campa a sus anchas en \u2018Amor biodegradable\u2019. Curiosamente, sobresale el momento m\u00e1s reposado del disco, \u2018Navaja de papel\u2019.  Las maquetas \u2018Sin rumbo\u2019 y \u2018Taxi\u2019 mantienen el encanto de aquella \u00e9poca, donde Los R\u00e1pidos entran de lleno en la nueva ola, aquella que Battiato se equivoc\u00f3 al cantar que no soportaba en \u2018Centro de gravedad\u2019, cosas de la adaptaci\u00f3n. Y, cosas del destino, Manolo y Quimi adaptar\u00edan a\u00f1os despu\u00e9s la \u2018Povera patria\u2019 (1991) del siciliano al castellano.<\/p>\n<p>El segundo compacto trae la novedad m\u00e1s importante, \u201cPiensos luegoexisto\u201d. Grabado en 2015, recupera las canciones que manejaban Los R\u00e1pidos para el segundo disco como \u2018Cine Ideal\u2019 y \u2018Zamora\u2019, que nunca llegaron a publicarse. Los mismos R\u00e1pidos explican con acierto que son \u201ctemas revisados y unas cuantas nuevas composiciones in\u00e9ditas\u201d. Lo mejor viene en la descripci\u00f3n de los estilos que manejan, y que van \u201cdel rock pastelero al folk mal entendido, pasando por el pop difuso y la disgresi\u00f3n pseudo-l\u00edrica\u201d.<\/p>\n<p>El caso es que \u2018Cine Ideal\u2019 se ajusta a la explicaci\u00f3n, igual que \u2018Gladiadora\u2019, \u2018No estoy hecho polvo\u2019 y la ya citada \u2018Zamora\u2019. \u2018La p\u00e1jara (Gasolina y Gasoil)\u2019 se acerca a Los Burros, mezclando tambi\u00e9n ese humor combinado con denuncia, costumbres familiares y el sentido algo tr\u00e1gico de \u2018Mi novia se llamaba Ram\u00f3n\u2019. \u2018San Gennaro\u2019 puede encerrar algunas pistas sobre los futuros El \u00daltimo de la Fila, y \u2018Confusi\u00f3n\u2019 quiere hacerse notar al incluir la cita que aparecer\u00e1 en \u201cNuevo peque\u00f1o cat\u00e1logo de seres y estares\u201d (1990): \u201cLa duda, la terrible duda, con su simp\u00e1tico nombre de perrita rusa\u201d (Indio Comas).<\/p>\n<p>Al no lograr la publicaci\u00f3n de su segundo trabajo, en su d\u00eda hubo desbandada y vuelta a empezar. Los Burros heredaron el impulso de Los R\u00e1pidos y lograron publicar el elep\u00e9 \u201cRebuznos de amor\u201d (1984) y el mini elep\u00e9 \u201cJam\u00f3n de burro\u201d (1987). Canciones llenas de sentimiento y provocaci\u00f3n que manejaron hasta cuatro formaciones, la primera formada por Manolo Garc\u00eda, Quimi Portet, Josep Llu\u00eds P\u00e9rez, Antonio Fidel y Jordi Vila. Los tres primeros fueron el n\u00facleo estable, y junto a \u00c1ngel Celada y Antonio Fidel vuelven a grabar ahora buena parte de su repertorio. \u201cKloruro s\u00f3diko\u201d es el t\u00edtulo salado que han elegido: \u201cHemos intentado a\u00f1adir un poco m\u00e1s de perturbaci\u00f3n a las ya de por s\u00ed inquietantes versiones originales (\u2026). No se admiten devoluciones. Gracias\u201d. Que cada uno compare o simplemente disfrute, porque \u2018No puedo m\u00e1s\u2019, \u2018Portugal\u2019 o \u2018Moscas aulladoras, perros silenciosos\u2019 contin\u00faan a gran altura. De hecho, en los dos compactos que recogen el directo de El \u00daltimo de la Fila, incluyen \u2018Conflicto armado\u2019, uno de los mejores temas de Los Burros, que no pod\u00eda faltar en esta caja. Tambi\u00e9n es cierto que alguien puede echar de menos otras canciones como \u2018Rosa de los vientos\u2019.<\/p>\n<p>Con todo, \u201cKloruro s\u00f3dico\u201d tiene dos momentos realmente m\u00e1gicos: \u2018Disneylandia\u2019 y \u2018Hazme sufrir\u2019. El primero por la inclusi\u00f3n de Marc Grau Jr., cuya guitarra toma el relevo de su padre, Marc Grau (Gav\u00e1 1954-Barcelona 1999), quien la grab\u00f3 en su momento. Nunca se agradecer\u00e1n lo suficiente trabajos como el de Marc Grau. Mientras, \u2018Hazme sufrir\u2019 cuenta con la voz de Adri\u00e0 Punt\u00ed, y el resultado es magn\u00edfico.<\/p>\n<p>Y llega El \u00daltimo de la Fila. Ser\u00e9 breve. Siete discos en su haber, siete maravillas. Sus directos lo demostraban. No, eran incluso mejores. \u201cHistoria de una banda\u201d muestra en dos ced\u00e9s toda la energ\u00eda, originalidad y fuerza de Quimi y Manolo, siempre muy bien acompa\u00f1ados. Los directos de Granada, Madrid, Lleida, Valencia y Valladolid durante la gira de 1995, es decir, el a\u00f1o de publicaci\u00f3n de \u201cLa rebeli\u00f3n de los hombres rana\u201d, su \u00faltimo disco, son los escogidos para navegar por todo su repertorio. Desde \u2018Querida Milagros\u2019 hasta \u2018Sin llaves\u2019, pasando por \u2018A veces se enciende\u2019 o \u2018Insurrecci\u00f3n\u2019, solo queda pedir m\u00e1s. Aprovecho para recomendar que nadie se pierda el reportaje de Arancha Moreno sobre la confecci\u00f3n de \u201cEnemigos de lo ajeno\u201d (1986), con interesantes declaraciones de Manolo y Quimi, publicado en el nuevo n\u00famero de \u201cCuadernos Efe Eme\u201d.<\/p>\n<p>\u201cHistoria de una banda\u201d recoge tambi\u00e9n cuatro bonus tracks sin aditivos ni colorantes, tal cual sucedi\u00f3 en vivo: \u2018Cosas que pasan\u2019, \u2018Vino dulce\u2019, \u2018Del templo a la taberna\u2019 y \u2018 Los \u00e1ngeles no tienen helices\u2019. Como colof\u00f3n, este a\u00f1o han vuelto a grabar en el estudio \u2018Llanto de pasi\u00f3n\u2019, \u2018Aviones plateados\u2019 y \u2018Sara\u2019, en los mismos estudios que \u201cKloruro s\u00f3dico\u201d, el n\u00famero 2 de Music Lan (Alt Empord\u00e1, Girona), mientras que \u201cPiensos luegoexisto\u201d fue grabado en el n\u00famero 1.<\/p>\n<p>Es cierto que nadie puede ba\u00f1arse dos veces en el mismo r\u00edo, pero si 091 han regresado a los escenarios (y Lapido siempre fue m\u00e1s rotundo, iba a decir lapidario, que Manolo o Quimi al preguntarles por posibles regresos), \u00bfpor qu\u00e9 no pensar que El \u00daltimo de la Fila puede darse (y a la vez darnos) esa alegr\u00eda? De momento, Los Burros y Los R\u00e1pidos actuar\u00e1n el 19 de febrero en Madrid y el 26 en Barcelona, \u00bfse resistir\u00e1n a incluir alguna canci\u00f3n de El \u00daltimo de La Fila?<\/p>\n<p>Fuente: Efe Eme &#8211; Chema Dominguez &#8211; <a href=\"http:\/\/www.efeeme.com\/%E2%80%A8discos-historia-de-una-banda-autobiografia-sonica-de-los-rapidos-los-burros-y-el-ultimo-de-la-fila\/\" target=\"_blank\">ENLACE<\/a><\/p>\n","protected":false},"excerpt":{"rendered":"<p>\u201c\u2018Historia de una banda\u2019 muestra en dos ced\u00e9s toda la energ\u00eda, originalidad y fuerza de Quimi y Manolo, siempre muy bien acompa\u00f1ados\u201d Fant\u00e1stico. Toda una alegr\u00eda celebrar aniversarios as\u00ed. \u201cDesde primeros de abril hasta septiembre nos lo hemos pasado en grande haciendo nuevas canciones, revisando y reparando cintas, tocando juntos con Los R\u00e1pidos originales o<a class=\"moretag\" href=\"https:\/\/www.manologarciaycia.com\/?p=13880\" title=\"Efe Eme: \u201cHistoria de una banda (Autobiograf\u00eda s\u00f3nica)\u201d\" target=\"_self\" rel=\"follow\"> <font face=arial size=2>[Leer m\u00e1s]<\/font> <\/a><\/p>\n","protected":false},"author":2,"featured_media":13575,"comment_status":"closed","ping_status":"closed","sticky":false,"template":"","format":"standard","meta":{"footnotes":""},"categories":[1],"tags":[],"class_list":["post-13880","post","type-post","status-publish","format-standard","has-post-thumbnail","hentry","category-manolo-garcia"],"_links":{"self":[{"href":"https:\/\/www.manologarciaycia.com\/index.php?rest_route=\/wp\/v2\/posts\/13880","targetHints":{"allow":["GET"]}}],"collection":[{"href":"https:\/\/www.manologarciaycia.com\/index.php?rest_route=\/wp\/v2\/posts"}],"about":[{"href":"https:\/\/www.manologarciaycia.com\/index.php?rest_route=\/wp\/v2\/types\/post"}],"author":[{"embeddable":true,"href":"https:\/\/www.manologarciaycia.com\/index.php?rest_route=\/wp\/v2\/users\/2"}],"replies":[{"embeddable":true,"href":"https:\/\/www.manologarciaycia.com\/index.php?rest_route=%2Fwp%2Fv2%2Fcomments&post=13880"}],"version-history":[{"count":1,"href":"https:\/\/www.manologarciaycia.com\/index.php?rest_route=\/wp\/v2\/posts\/13880\/revisions"}],"predecessor-version":[{"id":13881,"href":"https:\/\/www.manologarciaycia.com\/index.php?rest_route=\/wp\/v2\/posts\/13880\/revisions\/13881"}],"wp:featuredmedia":[{"embeddable":true,"href":"https:\/\/www.manologarciaycia.com\/index.php?rest_route=\/wp\/v2\/media\/13575"}],"wp:attachment":[{"href":"https:\/\/www.manologarciaycia.com\/index.php?rest_route=%2Fwp%2Fv2%2Fmedia&parent=13880"}],"wp:term":[{"taxonomy":"category","embeddable":true,"href":"https:\/\/www.manologarciaycia.com\/index.php?rest_route=%2Fwp%2Fv2%2Fcategories&post=13880"},{"taxonomy":"post_tag","embeddable":true,"href":"https:\/\/www.manologarciaycia.com\/index.php?rest_route=%2Fwp%2Fv2%2Ftags&post=13880"}],"curies":[{"name":"wp","href":"https:\/\/api.w.org\/{rel}","templated":true}]}}