{"id":13846,"date":"2015-12-16T08:53:01","date_gmt":"2015-12-16T07:53:01","guid":{"rendered":"http:\/\/www.manologarciaycia.com\/?p=13846"},"modified":"2015-12-16T10:55:35","modified_gmt":"2015-12-16T09:55:35","slug":"fotografias-de-manolo-garcia-ayer-tarde-en-albacete","status":"publish","type":"post","link":"https:\/\/www.manologarciaycia.com\/?p=13846","title":{"rendered":"Fotograf\u00edas de Manolo Garc\u00eda ayer tarde en Albacete"},"content":{"rendered":"<p>Manolo Garc\u00eda ayer en Albacete, en el Marat\u00f3n de ES Radio, para el Banco de Alimentos. Fotos de ES Radio y con Alvaro, Inma, Soraya, Kevin, Daniel, Riansares y Lourdes. Gracias!<\/p>\n<div id='gallery-1' class='gallery galleryid-13846 gallery-columns-3 gallery-size-thumbnail'><dl class='gallery-item'>\n\t\t\t<dt class='gallery-icon portrait'>\n\t\t\t\t<a class='swipebox' href='https:\/\/www.manologarciaycia.com\/wp-content\/uploads\/2015\/12\/MG_ERA_1.jpg'><img loading=\"lazy\" decoding=\"async\" width=\"150\" height=\"150\" src=\"https:\/\/www.manologarciaycia.com\/wp-content\/uploads\/2015\/12\/MG_ERA_1-150x150.jpg\" class=\"attachment-thumbnail size-thumbnail\" alt=\"\" \/><\/a>\n\t\t\t<\/dt><\/dl><dl class='gallery-item'>\n\t\t\t<dt class='gallery-icon landscape'>\n\t\t\t\t<a class='swipebox' href='https:\/\/www.manologarciaycia.com\/wp-content\/uploads\/2015\/12\/MG_ERA_2.jpg'><img loading=\"lazy\" decoding=\"async\" width=\"150\" height=\"150\" src=\"https:\/\/www.manologarciaycia.com\/wp-content\/uploads\/2015\/12\/MG_ERA_2-150x150.jpg\" class=\"attachment-thumbnail size-thumbnail\" alt=\"\" \/><\/a>\n\t\t\t<\/dt><\/dl><dl class='gallery-item'>\n\t\t\t<dt class='gallery-icon portrait'>\n\t\t\t\t<a class='swipebox' href='https:\/\/www.manologarciaycia.com\/wp-content\/uploads\/2015\/12\/MG_ERA_3.jpg'><img loading=\"lazy\" decoding=\"async\" width=\"150\" height=\"150\" src=\"https:\/\/www.manologarciaycia.com\/wp-content\/uploads\/2015\/12\/MG_ERA_3-150x150.jpg\" class=\"attachment-thumbnail size-thumbnail\" alt=\"\" \/><\/a>\n\t\t\t<\/dt><\/dl><br style=\"clear: both\" \/><dl class='gallery-item'>\n\t\t\t<dt class='gallery-icon landscape'>\n\t\t\t\t<a class='swipebox' href='https:\/\/www.manologarciaycia.com\/wp-content\/uploads\/2015\/12\/MG_ERA_4.jpg'><img loading=\"lazy\" decoding=\"async\" width=\"150\" height=\"150\" src=\"https:\/\/www.manologarciaycia.com\/wp-content\/uploads\/2015\/12\/MG_ERA_4-150x150.jpg\" class=\"attachment-thumbnail size-thumbnail\" alt=\"\" \/><\/a>\n\t\t\t<\/dt><\/dl><dl class='gallery-item'>\n\t\t\t<dt class='gallery-icon landscape'>\n\t\t\t\t<a class='swipebox' href='https:\/\/www.manologarciaycia.com\/wp-content\/uploads\/2015\/12\/Daniel.jpg'><img loading=\"lazy\" decoding=\"async\" width=\"150\" height=\"150\" src=\"https:\/\/www.manologarciaycia.com\/wp-content\/uploads\/2015\/12\/Daniel-150x150.jpg\" class=\"attachment-thumbnail size-thumbnail\" alt=\"\" \/><\/a>\n\t\t\t<\/dt><\/dl><dl class='gallery-item'>\n\t\t\t<dt class='gallery-icon landscape'>\n\t\t\t\t<a class='swipebox' href='https:\/\/www.manologarciaycia.com\/wp-content\/uploads\/2015\/12\/Soraya_Monge.jpg'><img loading=\"lazy\" decoding=\"async\" width=\"150\" height=\"150\" src=\"https:\/\/www.manologarciaycia.com\/wp-content\/uploads\/2015\/12\/Soraya_Monge-150x150.jpg\" class=\"attachment-thumbnail size-thumbnail\" alt=\"\" \/><\/a>\n\t\t\t<\/dt><\/dl><br style=\"clear: both\" \/><dl class='gallery-item'>\n\t\t\t<dt class='gallery-icon landscape'>\n\t\t\t\t<a class='swipebox' href='https:\/\/www.manologarciaycia.com\/wp-content\/uploads\/2015\/12\/Riansares.jpg'><img loading=\"lazy\" decoding=\"async\" width=\"150\" height=\"150\" src=\"https:\/\/www.manologarciaycia.com\/wp-content\/uploads\/2015\/12\/Riansares-150x150.jpg\" class=\"attachment-thumbnail size-thumbnail\" alt=\"\" srcset=\"https:\/\/www.manologarciaycia.com\/wp-content\/uploads\/2015\/12\/Riansares-150x150.jpg 150w, https:\/\/www.manologarciaycia.com\/wp-content\/uploads\/2015\/12\/Riansares-500x500.jpg 500w, https:\/\/www.manologarciaycia.com\/wp-content\/uploads\/2015\/12\/Riansares-695x695.jpg 695w, https:\/\/www.manologarciaycia.com\/wp-content\/uploads\/2015\/12\/Riansares.jpg 720w\" sizes=\"auto, (max-width: 150px) 100vw, 150px\" \/><\/a>\n\t\t\t<\/dt><\/dl><dl class='gallery-item'>\n\t\t\t<dt class='gallery-icon landscape'>\n\t\t\t\t<a class='swipebox' href='https:\/\/www.manologarciaycia.com\/wp-content\/uploads\/2015\/12\/Lourdesalca.jpg'><img loading=\"lazy\" decoding=\"async\" width=\"150\" height=\"150\" src=\"https:\/\/www.manologarciaycia.com\/wp-content\/uploads\/2015\/12\/Lourdesalca-150x150.jpg\" class=\"attachment-thumbnail size-thumbnail\" alt=\"\" srcset=\"https:\/\/www.manologarciaycia.com\/wp-content\/uploads\/2015\/12\/Lourdesalca-150x150.jpg 150w, https:\/\/www.manologarciaycia.com\/wp-content\/uploads\/2015\/12\/Lourdesalca-500x500.jpg 500w, https:\/\/www.manologarciaycia.com\/wp-content\/uploads\/2015\/12\/Lourdesalca.jpg 640w\" sizes=\"auto, (max-width: 150px) 100vw, 150px\" \/><\/a>\n\t\t\t<\/dt><\/dl><dl class='gallery-item'>\n\t\t\t<dt class='gallery-icon landscape'>\n\t\t\t\t<a class='swipebox' href='https:\/\/www.manologarciaycia.com\/wp-content\/uploads\/2015\/12\/Kevinzamora.jpg'><img loading=\"lazy\" decoding=\"async\" width=\"150\" height=\"150\" src=\"https:\/\/www.manologarciaycia.com\/wp-content\/uploads\/2015\/12\/Kevinzamora-150x150.jpg\" class=\"attachment-thumbnail size-thumbnail\" alt=\"\" srcset=\"https:\/\/www.manologarciaycia.com\/wp-content\/uploads\/2015\/12\/Kevinzamora-150x150.jpg 150w, https:\/\/www.manologarciaycia.com\/wp-content\/uploads\/2015\/12\/Kevinzamora-500x500.jpg 500w, https:\/\/www.manologarciaycia.com\/wp-content\/uploads\/2015\/12\/Kevinzamora.jpg 640w\" sizes=\"auto, (max-width: 150px) 100vw, 150px\" \/><\/a>\n\t\t\t<\/dt><\/dl><br style=\"clear: both\" \/><dl class='gallery-item'>\n\t\t\t<dt class='gallery-icon landscape'>\n\t\t\t\t<a class='swipebox' href='https:\/\/www.manologarciaycia.com\/wp-content\/uploads\/2015\/12\/inmarub.jpg'><img loading=\"lazy\" decoding=\"async\" width=\"150\" height=\"150\" src=\"https:\/\/www.manologarciaycia.com\/wp-content\/uploads\/2015\/12\/inmarub-150x150.jpg\" class=\"attachment-thumbnail size-thumbnail\" alt=\"\" srcset=\"https:\/\/www.manologarciaycia.com\/wp-content\/uploads\/2015\/12\/inmarub-150x150.jpg 150w, https:\/\/www.manologarciaycia.com\/wp-content\/uploads\/2015\/12\/inmarub.jpg 480w\" sizes=\"auto, (max-width: 150px) 100vw, 150px\" \/><\/a>\n\t\t\t<\/dt><\/dl><dl class='gallery-item'>\n\t\t\t<dt class='gallery-icon portrait'>\n\t\t\t\t<a class='swipebox' href='https:\/\/www.manologarciaycia.com\/wp-content\/uploads\/2015\/12\/Alvaro_Garcia.jpg'><img loading=\"lazy\" decoding=\"async\" width=\"150\" height=\"150\" src=\"https:\/\/www.manologarciaycia.com\/wp-content\/uploads\/2015\/12\/Alvaro_Garcia-150x150.jpg\" class=\"attachment-thumbnail size-thumbnail\" alt=\"\" \/><\/a>\n\t\t\t<\/dt><\/dl>\n\t\t\t<br style='clear: both' \/>\n\t\t<\/div>\n\n<p>#ManoloGarc\u00eda #Albacete #Marat\u00f3n #BancodeAlimentos<\/p>\n","protected":false},"excerpt":{"rendered":"<p>Manolo Garc\u00eda ayer en Albacete, en el Marat\u00f3n de ES Radio, para el Banco de Alimentos. Fotos de ES Radio y con Alvaro, Inma, Soraya, Kevin, Daniel, Riansares y Lourdes. Gracias! #ManoloGarc\u00eda #Albacete #Marat\u00f3n #BancodeAlimentos<a class=\"moretag\" href=\"https:\/\/www.manologarciaycia.com\/?p=13846\" title=\"Fotograf\u00edas de Manolo Garc\u00eda ayer tarde en Albacete\" target=\"_self\" rel=\"follow\"> <font face=arial size=2>[Leer m\u00e1s]<\/font> <\/a><\/p>\n","protected":false},"author":2,"featured_media":0,"comment_status":"closed","ping_status":"closed","sticky":false,"template":"","format":"gallery","meta":{"footnotes":""},"categories":[1],"tags":[],"class_list":["post-13846","post","type-post","status-publish","format-gallery","hentry","category-manolo-garcia","post_format-post-format-gallery"],"_links":{"self":[{"href":"https:\/\/www.manologarciaycia.com\/index.php?rest_route=\/wp\/v2\/posts\/13846","targetHints":{"allow":["GET"]}}],"collection":[{"href":"https:\/\/www.manologarciaycia.com\/index.php?rest_route=\/wp\/v2\/posts"}],"about":[{"href":"https:\/\/www.manologarciaycia.com\/index.php?rest_route=\/wp\/v2\/types\/post"}],"author":[{"embeddable":true,"href":"https:\/\/www.manologarciaycia.com\/index.php?rest_route=\/wp\/v2\/users\/2"}],"replies":[{"embeddable":true,"href":"https:\/\/www.manologarciaycia.com\/index.php?rest_route=%2Fwp%2Fv2%2Fcomments&post=13846"}],"version-history":[{"count":3,"href":"https:\/\/www.manologarciaycia.com\/index.php?rest_route=\/wp\/v2\/posts\/13846\/revisions"}],"predecessor-version":[{"id":13861,"href":"https:\/\/www.manologarciaycia.com\/index.php?rest_route=\/wp\/v2\/posts\/13846\/revisions\/13861"}],"wp:attachment":[{"href":"https:\/\/www.manologarciaycia.com\/index.php?rest_route=%2Fwp%2Fv2%2Fmedia&parent=13846"}],"wp:term":[{"taxonomy":"category","embeddable":true,"href":"https:\/\/www.manologarciaycia.com\/index.php?rest_route=%2Fwp%2Fv2%2Fcategories&post=13846"},{"taxonomy":"post_tag","embeddable":true,"href":"https:\/\/www.manologarciaycia.com\/index.php?rest_route=%2Fwp%2Fv2%2Ftags&post=13846"}],"curies":[{"name":"wp","href":"https:\/\/api.w.org\/{rel}","templated":true}]}}