{"id":13838,"date":"2015-12-15T08:50:10","date_gmt":"2015-12-15T07:50:10","guid":{"rendered":"http:\/\/www.manologarciaycia.com\/?p=13838"},"modified":"2015-12-15T08:50:10","modified_gmt":"2015-12-15T07:50:10","slug":"los-ganadores-de-los-premios-arc-2015-col-lectiu-eternity","status":"publish","type":"post","link":"https:\/\/www.manologarciaycia.com\/?p=13838","title":{"rendered":"Los ganadores de los Premios ARC 2015: Col.lectiu Eternity"},"content":{"rendered":"<p>Txarango, Los Catarres, Ramon Mirabet y Mishima, entre los galardonados.<\/p>\n<p>La Asociaci\u00f3n de Representantes, Promotores y Managers de Catalu\u00f1a (ARC) ha celebrado esta noche la gala de entrega de la 13\u00aa edici\u00f3n de los Premios ARC. Se ha entregado un total de 17 galardones que premian el trabajo de m\u00fasicos, programadores, salas de conciertos y dem\u00e1s profesionales del sector. <\/p>\n<p>El jurado de los Premios ARC ha reconocido  Los Catarres por la mejor gira para fiestas mayores de temas propios,  Txarango para la mejor gira internacional de artista o grupo catal\u00e1n, Los Amigos de las Artes para la mejor gira de festivales, y Mishima  por la mejor gira de salas de Catalu\u00f1a. El galard\u00f3n a la mejor gira de teatros y auditorios fue para el tr\u00edo gal\u00e1ctico Colectivo Eternity, formado por  Jaume Sisa, Joan Miquel Oliver y Quimi Portet. <\/p>\n<p><a href=\"http:\/\/www.manologarciaycia.com\/wp-content\/uploads\/2015\/12\/CE.jpg\" rel=\"attachment wp-att-13839\"><img loading=\"lazy\" decoding=\"async\" src=\"http:\/\/www.manologarciaycia.com\/wp-content\/uploads\/2015\/12\/CE-500x334.jpg\" alt=\"CE\" width=\"500\" height=\"334\" class=\"aligncenter size-medium wp-image-13839\" srcset=\"https:\/\/www.manologarciaycia.com\/wp-content\/uploads\/2015\/12\/CE-500x334.jpg 500w, https:\/\/www.manologarciaycia.com\/wp-content\/uploads\/2015\/12\/CE.jpg 670w\" sizes=\"auto, (max-width: 500px) 100vw, 500px\" \/><\/a><\/p>\n<p>El locutor Jordi Bast\u00e9 con el tr\u00edo gal\u00e1ctico Colectivo Eternity, formado por Jaume Sisa , Joan Miquel Oliver y Quimi Portet. Foto: Xavier Mercad\u00e9<\/p>\n<p>Fuente: Enderrock &#8211; <a href=\"http:\/\/www.enderrock.cat\/noticia\/11083\/guanyadors\/dels\/premis\/arc\/2015\" target=\"_blank\">ENLACE<\/a> &#8211; Fotos Xavi Mercad\u00e9<\/p>\n","protected":false},"excerpt":{"rendered":"<p>Txarango, Los Catarres, Ramon Mirabet y Mishima, entre los galardonados. La Asociaci\u00f3n de Representantes, Promotores y Managers de Catalu\u00f1a (ARC) ha celebrado esta noche la gala de entrega de la 13\u00aa edici\u00f3n de los Premios ARC. Se ha entregado un total de 17 galardones que premian el trabajo de m\u00fasicos, programadores, salas de conciertos y<a class=\"moretag\" href=\"https:\/\/www.manologarciaycia.com\/?p=13838\" title=\"Los ganadores de los Premios ARC 2015: Col.lectiu Eternity\" target=\"_self\" rel=\"follow\"> <font face=arial size=2>[Leer m\u00e1s]<\/font> <\/a><\/p>\n","protected":false},"author":2,"featured_media":13841,"comment_status":"closed","ping_status":"closed","sticky":false,"template":"","format":"standard","meta":{"footnotes":""},"categories":[1],"tags":[],"class_list":["post-13838","post","type-post","status-publish","format-standard","has-post-thumbnail","hentry","category-manolo-garcia"],"_links":{"self":[{"href":"https:\/\/www.manologarciaycia.com\/index.php?rest_route=\/wp\/v2\/posts\/13838","targetHints":{"allow":["GET"]}}],"collection":[{"href":"https:\/\/www.manologarciaycia.com\/index.php?rest_route=\/wp\/v2\/posts"}],"about":[{"href":"https:\/\/www.manologarciaycia.com\/index.php?rest_route=\/wp\/v2\/types\/post"}],"author":[{"embeddable":true,"href":"https:\/\/www.manologarciaycia.com\/index.php?rest_route=\/wp\/v2\/users\/2"}],"replies":[{"embeddable":true,"href":"https:\/\/www.manologarciaycia.com\/index.php?rest_route=%2Fwp%2Fv2%2Fcomments&post=13838"}],"version-history":[{"count":1,"href":"https:\/\/www.manologarciaycia.com\/index.php?rest_route=\/wp\/v2\/posts\/13838\/revisions"}],"predecessor-version":[{"id":13840,"href":"https:\/\/www.manologarciaycia.com\/index.php?rest_route=\/wp\/v2\/posts\/13838\/revisions\/13840"}],"wp:featuredmedia":[{"embeddable":true,"href":"https:\/\/www.manologarciaycia.com\/index.php?rest_route=\/wp\/v2\/media\/13841"}],"wp:attachment":[{"href":"https:\/\/www.manologarciaycia.com\/index.php?rest_route=%2Fwp%2Fv2%2Fmedia&parent=13838"}],"wp:term":[{"taxonomy":"category","embeddable":true,"href":"https:\/\/www.manologarciaycia.com\/index.php?rest_route=%2Fwp%2Fv2%2Fcategories&post=13838"},{"taxonomy":"post_tag","embeddable":true,"href":"https:\/\/www.manologarciaycia.com\/index.php?rest_route=%2Fwp%2Fv2%2Ftags&post=13838"}],"curies":[{"name":"wp","href":"https:\/\/api.w.org\/{rel}","templated":true}]}}