{"id":13836,"date":"2015-12-14T09:01:23","date_gmt":"2015-12-14T08:01:23","guid":{"rendered":"http:\/\/www.manologarciaycia.com\/?p=13836"},"modified":"2015-12-14T09:01:23","modified_gmt":"2015-12-14T08:01:23","slug":"manolo-garcia-acudira-al-iii-maraton-solidario-de-esradio","status":"publish","type":"post","link":"https:\/\/www.manologarciaycia.com\/?p=13836","title":{"rendered":"Manolo Garc\u00eda acudir\u00e1 al III marat\u00f3n solidario de esRadio"},"content":{"rendered":"<p>El popular cantante Manolo Garc\u00eda, con ra\u00edces familiares en F\u00e9rez, ser\u00e1 el invitado especial de la emisora esRadio, para la tercera edici\u00f3n del marat\u00f3n que ha organizado ma\u00f1ana martes, entre las 12 de la ma\u00f1ana y las ocho de la tarde, en la plaza del Altozano.<\/p>\n<p>El esfuerzo de todos los trabajadores de la emisora, dirigida por Nacho Garc\u00eda, no tiene otro objetivo que recoger todos los productos alimenticios no perecederos posibles para don\u00e1rselos al Banco de Alimentos, con el fin de que pueda repartirlos estas Navidades entre los colectivos e instituciones ben\u00e9ficas que trabajan con las personas m\u00e1s necesitadas.<br \/>\nEsRadio ha querido repetir experiencia tras aplaudir los resultados de las dos ediciones anteriores, en las que logr\u00f3 recoger 21.000 y 25.000 kilos, respectivamente, en un solo d\u00eda, gracias a la colaboraci\u00f3n y generosidad de ciudadanos, empresas, instituciones, colegios&#8230;<\/p>\n<p>Al igual que en los dos a\u00f1os anteriores, este IIImarat\u00f3n de ocho horas ininterrumpidas de radio en directo tendr\u00e1 como fondo la plaza del Altozano, donde se instalar\u00e1n varios escenarios y tendr\u00e1n lugar actuaciones en directo, como la del grupo The Gafapasta, la cantante y compositora colombiana, Naela y el estudio de danza Broadway. Los platos fuertes de la jornada, musicalmente hablando, ser\u00e1 la conocida banda Tennessee y el cantante Manolo Garc\u00eda, que con su implicaci\u00f3n solidaria que le caracteriza, no ha querido perderse la invitaci\u00f3n realizada por esRadio para participar en esta actividad a beneficio del Banco de Alimentos.<br \/>\nCabe recordar que gracias a esta organizaci\u00f3n no gubernamental, hoy comen m\u00e1s de 13.000 albacete\u00f1os, a trav\u00e9s de instituciones ben\u00e9fica como el Sagrado Coraz\u00f3n de Jes\u00fas, C\u00e1ritas o centros de acogida, donde los recursos son cada vez m\u00e1s escasos.<\/p>\n<p>Las donaciones de alimentos que vayan llegando a la plaza del Altozano se ir\u00e1n almacenando en dos camiones, con capacidad para miles de kilos de comida, que estar\u00e1n aparcados en esta plaza desde primera hora de la ma\u00f1ana. La idea que tiene la emisora albacetense es involucrar a toda la sociedad albacete\u00f1a y unirla durante toda una jornada en torno al Banco de Alimentos.<\/p>\n<p>Si la carga supusiera un problema, la ONG plantea, como ha hecho en otras ocasiones, la posibilidad de que se puedan entregar ese d\u00eda a los voluntarios una cantidad econ\u00f3mica, en met\u00e1lico o en cheque, que recoger\u00e1n y transformar\u00e1n en kilo de productos.<\/p>\n<p>Adem\u00e1s de las actuaciones anunciadas, durante esas ocho horas de radio ininterrumpidas tambi\u00e9n habr\u00e1 disponible una canasta solidaria a la que se podr\u00e1 tirar una canasta por cada kilo de alimento que se done. Asimismo, otra de las novedades ser\u00e1 la presencia de Florentino Garc\u00eda, el Michael Knight de Albacete, que llevar\u00e1 hasta la plaza del Altozano su coche fant\u00e1stico con el que los participantes se podr\u00e1n fotografiar si llevan bolsas cargadas de alimentos no perecederos.<\/p>\n<p>A lo largo de este marat\u00f3n, habr\u00e1 tambi\u00e9n exhibiciones, espect\u00e1culos de magia y alguna que otra sorpresa que se conocer\u00e1 en su momento.<\/p>\n<p>Fuente: La Tribuna de Albacete &#8211; <a href=\"http:\/\/www.latribunadealbacete.es\/noticia\/Z1D7A7112-F677-E932-B67F5BB948BB153B\/20151214\/manolo\/garcia\/acudira\/iii\/maraton\/solidario\/esradio\" target=\"_blank\">ENLACE<\/a><\/p>\n","protected":false},"excerpt":{"rendered":"<p>El popular cantante Manolo Garc\u00eda, con ra\u00edces familiares en F\u00e9rez, ser\u00e1 el invitado especial de la emisora esRadio, para la tercera edici\u00f3n del marat\u00f3n que ha organizado ma\u00f1ana martes, entre las 12 de la ma\u00f1ana y las ocho de la tarde, en la plaza del Altozano. El esfuerzo de todos los trabajadores de la emisora,<a class=\"moretag\" href=\"https:\/\/www.manologarciaycia.com\/?p=13836\" title=\"Manolo Garc\u00eda acudir\u00e1 al III marat\u00f3n solidario de esRadio\" target=\"_self\" rel=\"follow\"> <font face=arial size=2>[Leer m\u00e1s]<\/font> <\/a><\/p>\n","protected":false},"author":2,"featured_media":0,"comment_status":"closed","ping_status":"closed","sticky":false,"template":"","format":"standard","meta":{"footnotes":""},"categories":[1],"tags":[],"class_list":["post-13836","post","type-post","status-publish","format-standard","hentry","category-manolo-garcia"],"_links":{"self":[{"href":"https:\/\/www.manologarciaycia.com\/index.php?rest_route=\/wp\/v2\/posts\/13836","targetHints":{"allow":["GET"]}}],"collection":[{"href":"https:\/\/www.manologarciaycia.com\/index.php?rest_route=\/wp\/v2\/posts"}],"about":[{"href":"https:\/\/www.manologarciaycia.com\/index.php?rest_route=\/wp\/v2\/types\/post"}],"author":[{"embeddable":true,"href":"https:\/\/www.manologarciaycia.com\/index.php?rest_route=\/wp\/v2\/users\/2"}],"replies":[{"embeddable":true,"href":"https:\/\/www.manologarciaycia.com\/index.php?rest_route=%2Fwp%2Fv2%2Fcomments&post=13836"}],"version-history":[{"count":1,"href":"https:\/\/www.manologarciaycia.com\/index.php?rest_route=\/wp\/v2\/posts\/13836\/revisions"}],"predecessor-version":[{"id":13837,"href":"https:\/\/www.manologarciaycia.com\/index.php?rest_route=\/wp\/v2\/posts\/13836\/revisions\/13837"}],"wp:attachment":[{"href":"https:\/\/www.manologarciaycia.com\/index.php?rest_route=%2Fwp%2Fv2%2Fmedia&parent=13836"}],"wp:term":[{"taxonomy":"category","embeddable":true,"href":"https:\/\/www.manologarciaycia.com\/index.php?rest_route=%2Fwp%2Fv2%2Fcategories&post=13836"},{"taxonomy":"post_tag","embeddable":true,"href":"https:\/\/www.manologarciaycia.com\/index.php?rest_route=%2Fwp%2Fv2%2Ftags&post=13836"}],"curies":[{"name":"wp","href":"https:\/\/api.w.org\/{rel}","templated":true}]}}