{"id":1380,"date":"2011-06-07T09:17:07","date_gmt":"2011-06-07T08:17:07","guid":{"rendered":"http:\/\/petaos.net\/?p=1380"},"modified":"2011-06-10T07:42:04","modified_gmt":"2011-06-10T06:42:04","slug":"mg-a-la-vuelta-del-verano-amenazo-con-un-nuevo-disco","status":"publish","type":"post","link":"https:\/\/www.manologarciaycia.com\/?p=1380","title":{"rendered":"MG: \u00aba la vuelta del verano amenazo con un nuevo disco\u00bb"},"content":{"rendered":"<p>Nota de Manolo Garc\u00eda en su &#8216;web oficial&#8217;:<\/p>\n<p>D\u00edas atr\u00e1s un comentario de alguien que entr\u00f3 en la web me hizo esbozar una sonrisa, en concreto el que apuntaba que \u201cesto est\u00e1 m\u00e1s parado que la carrera de Las Grecas\u201d.<\/p>\n<p style=\"margin-top: 10px; margin-right: 0px; margin-bottom: 0px; margin-left: 0px; outline-width: 0px; outline-style: initial; outline-color: initial; font-size: 13px; vertical-align: baseline; background-image: initial; background-attachment: initial; background-origin: initial; background-clip: initial; background-color: transparent; background-position: initial initial; background-repeat: initial initial; padding: 0px; border: 0px initial initial;\">Bien, en primer lugar doy por sentado que la frase era una broma inocente sin ninguna malicia y con todo el respeto hacia Las Grecas que, aunque a los m\u00e1s j\u00f3venes os suene a algo lejano, lo cierto es que tuvieron su muy digno papel en la m\u00fasica pop de este pa\u00eds y a m\u00ed, por ejemplo, me ense\u00f1aron algunas cosas sobre mestizaje musical. O sea, que larga vida al recuerdo de ese gran d\u00fao.<\/p>\n<p style=\"margin-top: 10px; margin-right: 0px; margin-bottom: 0px; margin-left: 0px; outline-width: 0px; outline-style: initial; outline-color: initial; font-size: 13px; vertical-align: baseline; background-image: initial; background-attachment: initial; background-origin: initial; background-clip: initial; background-color: transparent; background-position: initial initial; background-repeat: initial initial; padding: 0px; border: 0px initial initial;\">En segundo lugar puedo encaminar la lectura de lo que acabo de explicar hacia lo que algunos ven\u00eds preguntando hace tiempo. Me alegra mucho contaros que no s\u00f3lo no he estado parado sino que he echado m\u00e1s horas que los tranviarios de la Segunda Rep\u00fablica.<br \/>\nNi estoy en Las Bahamas, ni en Las Seychelles ni en La Patagonia (lo cual no deja de ser una pena, por otro lado). Mi silencio es s\u00f3lo la calma antes de la tempestad, d\u00e1ndole la vuelta a la expresi\u00f3n. He estado todo este tiempo componiendo y pintando y creo que pronto podr\u00e9 compartir toda esta ingente cantidad de desvar\u00edos sonoros, visuales y pl\u00e1sticos de un servidor. Que sep\u00e1is que a la vuelta del verano amenazo con un nuevo disco, un nuevo libro y con una exposici\u00f3n si encuentro a alg\u00fan inocente que se deje o a alg\u00fan espabilado que me l\u00ede. Y poca cosa m\u00e1s. Me voy a trabajar que luego me pas\u00e1is lista.<\/p>\n<p>Pd 1. Un abrazo a todos. Y cuando digo a todos quiero decir a un mont\u00f3n de gente de diferentes pa\u00edses que de una manera u otra me hace llegar su afecto. Soy muy consciente de ese cari\u00f1o y s\u00f3lo espero estar a la altura y devolverlo con creces en forma de trabajos que os puedan aportar algo. A m\u00ed me aportan todo. Gracias y hasta pronto. Qu\u00e9 pas\u00e9is buen verano o buen invierno seg\u00fan el punto global donde os encontr\u00e9is.<\/p>\n<p style=\"margin-top: 10px; margin-right: 0px; margin-bottom: 0px; margin-left: 0px; outline-width: 0px; outline-style: initial; outline-color: initial; font-size: 13px; vertical-align: baseline; background-image: initial; background-attachment: initial; background-origin: initial; background-clip: initial; background-color: transparent; background-position: initial initial; background-repeat: initial initial; padding: 0px; border: 0px initial initial;\">Pd 2. Nucleares no, energ\u00eda limpia s\u00ed. Stop emisiones CO2 (vital).<\/p>\n<p style=\"margin-top: 10px; margin-right: 0px; margin-bottom: 0px; margin-left: 0px; outline-width: 0px; outline-style: initial; outline-color: initial; font-size: 13px; vertical-align: baseline; background-image: initial; background-attachment: initial; background-origin: initial; background-clip: initial; background-color: transparent; background-position: initial initial; background-repeat: initial initial; padding: 0px; border: 0px initial initial;\">Fuente: &#8216;P\u00e1gina oficial&#8217; de Manolo Garc\u00eda (<a href=\"http:\/\/www.manolo-garcia.com\" target=\"_blank\">http:\/\/www.manolo-garcia.com<\/a>)<\/p>\n","protected":false},"excerpt":{"rendered":"<p>Nota de Manolo Garc\u00eda en su &#8216;web oficial&#8217;: D\u00edas atr\u00e1s un comentario de alguien que entr\u00f3 en la web me hizo esbozar una sonrisa, en concreto el que apuntaba que \u201cesto est\u00e1 m\u00e1s parado que la carrera de Las Grecas\u201d. Bien, en primer lugar doy por sentado que la frase era una broma inocente sin<a class=\"moretag\" href=\"https:\/\/www.manologarciaycia.com\/?p=1380\" title=\"MG: \u00aba la vuelta del verano amenazo con un nuevo disco\u00bb\" target=\"_self\" rel=\"follow\"> <font face=arial size=2>[Leer m\u00e1s]<\/font> <\/a><\/p>\n","protected":false},"author":2,"featured_media":0,"comment_status":"closed","ping_status":"closed","sticky":false,"template":"","format":"standard","meta":{"footnotes":""},"categories":[1],"tags":[223],"class_list":["post-1380","post","type-post","status-publish","format-standard","hentry","category-manolo-garcia","tag-manolo-garcia-nuevo-disco-2011-verano-trabajo-nota-oficial"],"_links":{"self":[{"href":"https:\/\/www.manologarciaycia.com\/index.php?rest_route=\/wp\/v2\/posts\/1380","targetHints":{"allow":["GET"]}}],"collection":[{"href":"https:\/\/www.manologarciaycia.com\/index.php?rest_route=\/wp\/v2\/posts"}],"about":[{"href":"https:\/\/www.manologarciaycia.com\/index.php?rest_route=\/wp\/v2\/types\/post"}],"author":[{"embeddable":true,"href":"https:\/\/www.manologarciaycia.com\/index.php?rest_route=\/wp\/v2\/users\/2"}],"replies":[{"embeddable":true,"href":"https:\/\/www.manologarciaycia.com\/index.php?rest_route=%2Fwp%2Fv2%2Fcomments&post=1380"}],"version-history":[{"count":3,"href":"https:\/\/www.manologarciaycia.com\/index.php?rest_route=\/wp\/v2\/posts\/1380\/revisions"}],"predecessor-version":[{"id":1382,"href":"https:\/\/www.manologarciaycia.com\/index.php?rest_route=\/wp\/v2\/posts\/1380\/revisions\/1382"}],"wp:attachment":[{"href":"https:\/\/www.manologarciaycia.com\/index.php?rest_route=%2Fwp%2Fv2%2Fmedia&parent=1380"}],"wp:term":[{"taxonomy":"category","embeddable":true,"href":"https:\/\/www.manologarciaycia.com\/index.php?rest_route=%2Fwp%2Fv2%2Fcategories&post=1380"},{"taxonomy":"post_tag","embeddable":true,"href":"https:\/\/www.manologarciaycia.com\/index.php?rest_route=%2Fwp%2Fv2%2Ftags&post=1380"}],"curies":[{"name":"wp","href":"https:\/\/api.w.org\/{rel}","templated":true}]}}