{"id":1377,"date":"2011-05-27T07:48:26","date_gmt":"2011-05-27T06:48:26","guid":{"rendered":"http:\/\/petaos.net\/?p=1377"},"modified":"2011-05-27T07:51:48","modified_gmt":"2011-05-27T06:51:48","slug":"langa-nuevo-concierto-esta-vez-en-merida","status":"publish","type":"post","link":"https:\/\/www.manologarciaycia.com\/?p=1377","title":{"rendered":"LANGA: Nuevo concierto, esta vez en M\u00e9rida"},"content":{"rendered":"<p>Pr\u00f3ximo concierto de Langa, el d\u00eda 01 Julio de 2011 en \u00abMIL900 Bar &amp; Music\u00bb (M\u00c9RIDA) a las 23.00h (entrada 5\u20ac)<\/p>\n<p style=\"text-align: center;\"><img loading=\"lazy\" decoding=\"async\" class=\"aligncenter\" src=\"http:\/\/petaos.net\/Fotografias\/Langa20110521\/3.jpg\" alt=\"\" width=\"614\" height=\"410\" \/><\/p>\n<p>Fuente: Langa &#8211; <a href=\"http:\/\/langanica.wordpress.com\" target=\"_blank\">http:\/\/langanica.wordpress.com\/<\/a> &#8211; Web del local: <a href=\"http:\/\/www.mil900.com\/\" target=\"_blank\">http:\/\/www.mil900.com\/<\/a><\/p>\n","protected":false},"excerpt":{"rendered":"<p>Pr\u00f3ximo concierto de Langa, el d\u00eda 01 Julio de 2011 en \u00abMIL900 Bar &amp; Music\u00bb (M\u00c9RIDA) a las 23.00h (entrada 5\u20ac) Fuente: Langa &#8211; http:\/\/langanica.wordpress.com\/ &#8211; Web del local: http:\/\/www.mil900.com\/<a class=\"moretag\" href=\"https:\/\/www.manologarciaycia.com\/?p=1377\" title=\"LANGA: Nuevo concierto, esta vez en M\u00e9rida\" target=\"_self\" rel=\"follow\"> <font face=arial size=2>[Leer m\u00e1s]<\/font> <\/a><\/p>\n","protected":false},"author":2,"featured_media":0,"comment_status":"closed","ping_status":"closed","sticky":false,"template":"","format":"standard","meta":{"footnotes":""},"categories":[23],"tags":[222],"class_list":["post-1377","post","type-post","status-publish","format-standard","hentry","category-otros","tag-langa-ricardo-marin-nacho-lesko-paco-bastante-vicente-climent-concierto"],"_links":{"self":[{"href":"https:\/\/www.manologarciaycia.com\/index.php?rest_route=\/wp\/v2\/posts\/1377","targetHints":{"allow":["GET"]}}],"collection":[{"href":"https:\/\/www.manologarciaycia.com\/index.php?rest_route=\/wp\/v2\/posts"}],"about":[{"href":"https:\/\/www.manologarciaycia.com\/index.php?rest_route=\/wp\/v2\/types\/post"}],"author":[{"embeddable":true,"href":"https:\/\/www.manologarciaycia.com\/index.php?rest_route=\/wp\/v2\/users\/2"}],"replies":[{"embeddable":true,"href":"https:\/\/www.manologarciaycia.com\/index.php?rest_route=%2Fwp%2Fv2%2Fcomments&post=1377"}],"version-history":[{"count":2,"href":"https:\/\/www.manologarciaycia.com\/index.php?rest_route=\/wp\/v2\/posts\/1377\/revisions"}],"predecessor-version":[{"id":1379,"href":"https:\/\/www.manologarciaycia.com\/index.php?rest_route=\/wp\/v2\/posts\/1377\/revisions\/1379"}],"wp:attachment":[{"href":"https:\/\/www.manologarciaycia.com\/index.php?rest_route=%2Fwp%2Fv2%2Fmedia&parent=1377"}],"wp:term":[{"taxonomy":"category","embeddable":true,"href":"https:\/\/www.manologarciaycia.com\/index.php?rest_route=%2Fwp%2Fv2%2Fcategories&post=1377"},{"taxonomy":"post_tag","embeddable":true,"href":"https:\/\/www.manologarciaycia.com\/index.php?rest_route=%2Fwp%2Fv2%2Ftags&post=1377"}],"curies":[{"name":"wp","href":"https:\/\/api.w.org\/{rel}","templated":true}]}}