{"id":13749,"date":"2015-11-29T11:16:05","date_gmt":"2015-11-29T10:16:05","guid":{"rendered":"http:\/\/www.manologarciaycia.com\/?p=13749"},"modified":"2015-11-29T11:16:05","modified_gmt":"2015-11-29T10:16:05","slug":"manolo-garcia-hay-que-exigir-a-los-gobiernos-y-nosotros-actuar-en-consecuencia","status":"publish","type":"post","link":"https:\/\/www.manologarciaycia.com\/?p=13749","title":{"rendered":"Manolo Garc\u00eda: \u00abHay que exigir a los gobiernos y nosotros actuar en consecuencia\u00bb"},"content":{"rendered":"<p>Manolo Garc\u00eda ha estado hace un rato en Te Doy Mi Palabra Onda Cero de Onda Cero: <\/p>\n<p>\u00abEntiendo que la reuni\u00f3n va a dar resultados m\u00e1s pr\u00e1cticos\u00bb<br \/>\n\u00abSe est\u00e1n dando cuenta que puede ser un cambio social y econ\u00f3mico que puede dar vida\u00bb<br \/>\n\u00abLas cosas est\u00e1n cambiando porque los acontecimientos se les est\u00e1n echando encima\u00bb<br \/>\n\u00abEl problema es la energ\u00eda con la que movemos el coche. Es cuesti\u00f3n de voluntad econ\u00f3mica\u00bb<br \/>\n\u00abHay que exigir a los gobiernos y nosotros actuar en consecuencia\u00bb<\/p>\n<p>#ManoloGarc\u00eda #Tedoymipalabra #OndaCero<\/p>\n","protected":false},"excerpt":{"rendered":"<p>Manolo Garc\u00eda ha estado hace un rato en Te Doy Mi Palabra Onda Cero de Onda Cero: \u00abEntiendo que la reuni\u00f3n va a dar resultados m\u00e1s pr\u00e1cticos\u00bb \u00abSe est\u00e1n dando cuenta que puede ser un cambio social y econ\u00f3mico que puede dar vida\u00bb \u00abLas cosas est\u00e1n cambiando porque los acontecimientos se les est\u00e1n echando encima\u00bb<a class=\"moretag\" href=\"https:\/\/www.manologarciaycia.com\/?p=13749\" title=\"Manolo Garc\u00eda: \u00abHay que exigir a los gobiernos y nosotros actuar en consecuencia\u00bb\" target=\"_self\" rel=\"follow\"> <font face=arial size=2>[Leer m\u00e1s]<\/font> <\/a><\/p>\n","protected":false},"author":2,"featured_media":0,"comment_status":"closed","ping_status":"closed","sticky":false,"template":"","format":"standard","meta":{"footnotes":""},"categories":[1],"tags":[],"class_list":["post-13749","post","type-post","status-publish","format-standard","hentry","category-manolo-garcia"],"_links":{"self":[{"href":"https:\/\/www.manologarciaycia.com\/index.php?rest_route=\/wp\/v2\/posts\/13749","targetHints":{"allow":["GET"]}}],"collection":[{"href":"https:\/\/www.manologarciaycia.com\/index.php?rest_route=\/wp\/v2\/posts"}],"about":[{"href":"https:\/\/www.manologarciaycia.com\/index.php?rest_route=\/wp\/v2\/types\/post"}],"author":[{"embeddable":true,"href":"https:\/\/www.manologarciaycia.com\/index.php?rest_route=\/wp\/v2\/users\/2"}],"replies":[{"embeddable":true,"href":"https:\/\/www.manologarciaycia.com\/index.php?rest_route=%2Fwp%2Fv2%2Fcomments&post=13749"}],"version-history":[{"count":1,"href":"https:\/\/www.manologarciaycia.com\/index.php?rest_route=\/wp\/v2\/posts\/13749\/revisions"}],"predecessor-version":[{"id":13750,"href":"https:\/\/www.manologarciaycia.com\/index.php?rest_route=\/wp\/v2\/posts\/13749\/revisions\/13750"}],"wp:attachment":[{"href":"https:\/\/www.manologarciaycia.com\/index.php?rest_route=%2Fwp%2Fv2%2Fmedia&parent=13749"}],"wp:term":[{"taxonomy":"category","embeddable":true,"href":"https:\/\/www.manologarciaycia.com\/index.php?rest_route=%2Fwp%2Fv2%2Fcategories&post=13749"},{"taxonomy":"post_tag","embeddable":true,"href":"https:\/\/www.manologarciaycia.com\/index.php?rest_route=%2Fwp%2Fv2%2Ftags&post=13749"}],"curies":[{"name":"wp","href":"https:\/\/api.w.org\/{rel}","templated":true}]}}