{"id":13722,"date":"2015-11-25T06:46:39","date_gmt":"2015-11-25T05:46:39","guid":{"rendered":"http:\/\/www.manologarciaycia.com\/?p=13722"},"modified":"2015-11-25T06:46:39","modified_gmt":"2015-11-25T05:46:39","slug":"manolo-garcia-invita-a-la-marcha-mundial-por-el-clima","status":"publish","type":"post","link":"https:\/\/www.manologarciaycia.com\/?p=13722","title":{"rendered":"Manolo Garc\u00eda invita a la Marcha Mundial por el Clima"},"content":{"rendered":"<p>Este a\u00f1o tiene lugar en Par\u00eds la 21a Conferencia de las partes, la COP21, de la Convenci\u00f3n Marco de las Naciones Unidas por el Cambio Clim\u00e1tico, en la que se deber\u00eda llegar a un acuerdo global y ambicioso para solucionar la crisis clim\u00e1tica y sist\u00e9mica a la que nos enfrentamos como sociedad. <\/p>\n<p><a href=\"http:\/\/350.org\/\" target=\"_blank\">http:\/\/350.org\/<\/a><\/p>\n","protected":false},"excerpt":{"rendered":"<p>Este a\u00f1o tiene lugar en Par\u00eds la 21a Conferencia de las partes, la COP21, de la Convenci\u00f3n Marco de las Naciones Unidas por el Cambio Clim\u00e1tico, en la que se deber\u00eda llegar a un acuerdo global y ambicioso para solucionar la crisis clim\u00e1tica y sist\u00e9mica a la que nos enfrentamos como sociedad. http:\/\/350.org\/<a class=\"moretag\" href=\"https:\/\/www.manologarciaycia.com\/?p=13722\" title=\"Manolo Garc\u00eda invita a la Marcha Mundial por el Clima\" target=\"_self\" rel=\"follow\"> <font face=arial size=2>[Leer m\u00e1s]<\/font> <\/a><\/p>\n","protected":false},"author":2,"featured_media":0,"comment_status":"closed","ping_status":"closed","sticky":false,"template":"","format":"video","meta":{"footnotes":""},"categories":[1],"tags":[],"class_list":["post-13722","post","type-post","status-publish","format-video","hentry","category-manolo-garcia","post_format-post-format-video"],"_links":{"self":[{"href":"https:\/\/www.manologarciaycia.com\/index.php?rest_route=\/wp\/v2\/posts\/13722","targetHints":{"allow":["GET"]}}],"collection":[{"href":"https:\/\/www.manologarciaycia.com\/index.php?rest_route=\/wp\/v2\/posts"}],"about":[{"href":"https:\/\/www.manologarciaycia.com\/index.php?rest_route=\/wp\/v2\/types\/post"}],"author":[{"embeddable":true,"href":"https:\/\/www.manologarciaycia.com\/index.php?rest_route=\/wp\/v2\/users\/2"}],"replies":[{"embeddable":true,"href":"https:\/\/www.manologarciaycia.com\/index.php?rest_route=%2Fwp%2Fv2%2Fcomments&post=13722"}],"version-history":[{"count":1,"href":"https:\/\/www.manologarciaycia.com\/index.php?rest_route=\/wp\/v2\/posts\/13722\/revisions"}],"predecessor-version":[{"id":13723,"href":"https:\/\/www.manologarciaycia.com\/index.php?rest_route=\/wp\/v2\/posts\/13722\/revisions\/13723"}],"wp:attachment":[{"href":"https:\/\/www.manologarciaycia.com\/index.php?rest_route=%2Fwp%2Fv2%2Fmedia&parent=13722"}],"wp:term":[{"taxonomy":"category","embeddable":true,"href":"https:\/\/www.manologarciaycia.com\/index.php?rest_route=%2Fwp%2Fv2%2Fcategories&post=13722"},{"taxonomy":"post_tag","embeddable":true,"href":"https:\/\/www.manologarciaycia.com\/index.php?rest_route=%2Fwp%2Fv2%2Ftags&post=13722"}],"curies":[{"name":"wp","href":"https:\/\/api.w.org\/{rel}","templated":true}]}}