{"id":13709,"date":"2015-11-21T07:20:19","date_gmt":"2015-11-21T06:20:19","guid":{"rendered":"http:\/\/www.manologarciaycia.com\/?p=13709"},"modified":"2015-11-21T07:20:19","modified_gmt":"2015-11-21T06:20:19","slug":"las-grandes-giras-empiezan-en-malaga","status":"publish","type":"post","link":"https:\/\/www.manologarciaycia.com\/?p=13709","title":{"rendered":"Las grandes giras empiezan en M\u00e1laga"},"content":{"rendered":"<p>Estopa, Sergio Dalma y Manolo Garc\u00eda inician sus nuevos \u00abtours\u00bb desde la capital de la Costa del Sol, una circunstancia in\u00e9dita que posiciona a la ciudad como un lugar id\u00f3neo para la industria. La respuesta del p\u00fablico y los tres grandes espacios disponibles (Auditorio, Palacio de Ferias y Mart\u00edn Carpena), factores que explicar\u00edan este fen\u00f3meno.<\/p>\n<p>El crecimiento cultural que ha protagonizado M\u00e1laga en los \u00faltimos a\u00f1os ha venido acompa\u00f1ado de un sustancial, y comprensible, avance en la oferta de conciertos, lo que ha propiciado la consolidaci\u00f3n de un circuito en salas de peque\u00f1o y mediano aforo, especializadas en bandas independientes y g\u00e9neros minoritarios, y que la ciudad se haya convertido en una plaza m\u00e1s que apetecible para los grandes nombres de la industria espa\u00f1ola.<\/p>\n<p>Las giras de los principales artistas nacionales \u2013Alejandro Sanz, Fito y Fitipaldis, Pablo Albor\u00e1n, Mal\u00fa, Extremoduro, David Bisbal, El Barrio&#8230;\u2013 han encontrado en M\u00e1laga tres escenarios ineludibles: el Auditorio Municipal, el Palacio de Ferias y Congresos y el Mart\u00edn Carpena. Lo m\u00e1s llamativo es que, cada vez con mayor frecuencia, la ciudad se est\u00e1 posicionando como el lugar preferido por los artistas para dar comienzo a sus giras. Joaqu\u00edn Sabina, Sergio Dalma, Manolo Garc\u00eda y Estopa (que esta noche prenden la mecha de su nuevo periplo en directo desde el Carpena) han sido los \u00faltimos en decidir que la capital de la Costa del Sol sea el punto de partida de sus tours, una circunstancia que no se hab\u00eda producido antes en M\u00e1laga.<\/p>\n<p>\u00abHemos sido capaces de crear un ecosistema id\u00f3neo para que la ciudad sea atractiva para las grandes giras\u00bb, sostiene Juan Antonio Rodr\u00edguez, de Espect\u00e1culos Mundo, que reconoce que la respuesta del p\u00fablico \u00abes igualmente un factor determinante\u00bb en este tipo de decisiones. \u00abY el p\u00fablico de M\u00e1laga siempre responde\u00bb, concreta.<\/p>\n<p>Para Rodr\u00edguez, cuya empresa tiene m\u00e1s de cincuenta a\u00f1os de experiencia en el sector, es fundamental que la ciudad cuente con estos tres grandes espacios que \u00abcubren todos los requerimientos\u00bb de un espect\u00e1culo musical \u2013\u00abel Mart\u00edn Carpena es el mejor escenario indoor de toda Andaluc\u00eda\u00bb, confiesa\u2013, lo que ha propiciado que M\u00e1laga sea una plaza a tener muy en cuenta. \u00abLos artistas organizan sus giras de conciertos en funci\u00f3n de criterios profesionales. Y aqu\u00ed encuentran un gran servicio y una gran comodidad. Al final es tambi\u00e9n una cuesti\u00f3n de feeling\u00bb, sostiene.<\/p>\n<p>Los hermanos Mu\u00f1oz, Estopa, inician hoy desde M\u00e1laga (22.00 horas) el emocionante viaje musical de Rumba a lo desconocido, un autoproducido disco en el que rescatan la mezcla de rumba y rock con la que se dieron a conocer. \u00abSon 12 canciones confeccionadas durante cuatro a\u00f1os que han sido seleccionadas entre muchas m\u00e1s que hemos compuesto. En este tiempo nos ha dado tiempo a pensar un disco y a saber qu\u00e9 estilo quer\u00edamos hacer, as\u00ed que hemos retomado un g\u00e9nero en el que nos sentimos muy c\u00f3modos, que es la rumba con rock\u00bb, destacaban en una reciente entrevista con La Opini\u00f3n.<\/p>\n<p>Preguntados por la elecci\u00f3n de M\u00e1laga para iniciar esta gira, sus palabras sonaban sinceras: \u00abEs cosa del m\u00e1nager. Pero s\u00ed es verdad que M\u00e1laga es especial porque nosotros empezamos a tocar all\u00ed. Las primeras veces que nos contrataban para conciertos siempre eran en M\u00e1laga\u00bb.<\/p>\n<p>La pr\u00f3xima gira que prender\u00e1 en la ciudad ser\u00e1 la de Sergio Dalma (6 de febrero, Palacio de Ferias y Congresos). \u00abDesde siempre M\u00e1laga ha estado muy presente y siempre ha habido una conexi\u00f3n muy fuerte, un respeto y una recepci\u00f3n del p\u00fablico buen\u00edsima\u00bb, reconoc\u00eda el cantante. Le seguir\u00e1 Manolo Garc\u00eda, cuyo tour de presentaci\u00f3n de su disco Todo es ahora llegar\u00e1 al Auditorio el 16 de abril.<\/p>\n<p>M\u00e1laga ha tomado posiciones en esto de los grandes conciertos. Y aunque es cierto que a\u00fan est\u00e1 pendiente una mayor afluencia de grandes artistas internacionales, parece que los mimbres est\u00e1n bien puestos para subsanar esta carencia.<\/p>\n<p>Fuente: La Opini\u00f3n de M\u00e1laga &#8211; <a href=\"http:\/\/www.laopiniondemalaga.es\/cultura-espectaculos\/2015\/11\/20\/grandes-giras-empiezan-malaga\/810159.html\" target=\"_blank\">ENLACE<\/a><\/p>\n","protected":false},"excerpt":{"rendered":"<p>Estopa, Sergio Dalma y Manolo Garc\u00eda inician sus nuevos \u00abtours\u00bb desde la capital de la Costa del Sol, una circunstancia in\u00e9dita que posiciona a la ciudad como un lugar id\u00f3neo para la industria. La respuesta del p\u00fablico y los tres grandes espacios disponibles (Auditorio, Palacio de Ferias y Mart\u00edn Carpena), factores que explicar\u00edan este fen\u00f3meno.<a class=\"moretag\" href=\"https:\/\/www.manologarciaycia.com\/?p=13709\" title=\"Las grandes giras empiezan en M\u00e1laga\" target=\"_self\" rel=\"follow\"> <font face=arial size=2>[Leer m\u00e1s]<\/font> <\/a><\/p>\n","protected":false},"author":2,"featured_media":0,"comment_status":"closed","ping_status":"closed","sticky":false,"template":"","format":"standard","meta":{"footnotes":""},"categories":[1],"tags":[],"class_list":["post-13709","post","type-post","status-publish","format-standard","hentry","category-manolo-garcia"],"_links":{"self":[{"href":"https:\/\/www.manologarciaycia.com\/index.php?rest_route=\/wp\/v2\/posts\/13709","targetHints":{"allow":["GET"]}}],"collection":[{"href":"https:\/\/www.manologarciaycia.com\/index.php?rest_route=\/wp\/v2\/posts"}],"about":[{"href":"https:\/\/www.manologarciaycia.com\/index.php?rest_route=\/wp\/v2\/types\/post"}],"author":[{"embeddable":true,"href":"https:\/\/www.manologarciaycia.com\/index.php?rest_route=\/wp\/v2\/users\/2"}],"replies":[{"embeddable":true,"href":"https:\/\/www.manologarciaycia.com\/index.php?rest_route=%2Fwp%2Fv2%2Fcomments&post=13709"}],"version-history":[{"count":1,"href":"https:\/\/www.manologarciaycia.com\/index.php?rest_route=\/wp\/v2\/posts\/13709\/revisions"}],"predecessor-version":[{"id":13710,"href":"https:\/\/www.manologarciaycia.com\/index.php?rest_route=\/wp\/v2\/posts\/13709\/revisions\/13710"}],"wp:attachment":[{"href":"https:\/\/www.manologarciaycia.com\/index.php?rest_route=%2Fwp%2Fv2%2Fmedia&parent=13709"}],"wp:term":[{"taxonomy":"category","embeddable":true,"href":"https:\/\/www.manologarciaycia.com\/index.php?rest_route=%2Fwp%2Fv2%2Fcategories&post=13709"},{"taxonomy":"post_tag","embeddable":true,"href":"https:\/\/www.manologarciaycia.com\/index.php?rest_route=%2Fwp%2Fv2%2Ftags&post=13709"}],"curies":[{"name":"wp","href":"https:\/\/api.w.org\/{rel}","templated":true}]}}