{"id":13684,"date":"2015-11-20T07:06:39","date_gmt":"2015-11-20T06:06:39","guid":{"rendered":"http:\/\/www.manologarciaycia.com\/?p=13684"},"modified":"2015-11-20T07:08:24","modified_gmt":"2015-11-20T06:08:24","slug":"manolo-garcia-el-ultimo-de-la-fila-no-volvera-no-hay-que-menearlo","status":"publish","type":"post","link":"https:\/\/www.manologarciaycia.com\/?p=13684","title":{"rendered":"Manolo Garc\u00eda: \u201c&#8217;El \u00daltimo de la Fila&#8217; no volver\u00e1, no hay que menearlo\u201d"},"content":{"rendered":"<p>Ma\u00f1ana sale a la venta \u00abHistoria de una banda. Autobiograf\u00eda s\u00f3nica\u00bb, una caja con cinco compactos que incluye material de Los R\u00e1pidos, Los Burros y El \u00daltimo de la Fila, los grupos de los que ha sido vocalista el interpret\u00e9 barcelon\u00e9s.<\/p>\n<p>Vuelve &#8216;El \u00faltimo de la fila&#8217;. Y vuelven tambi\u00e9n &#8216;Los R\u00e1pidos&#8217; y &#8216;Los Burros&#8217;. Vuelven todos los grupos de los que ha formado parte <strong>Manolo Garc\u00eda<\/strong>, aunque sea\u00a0 <a href=\"http:\/\/cadenaser.com\/ser\/2015\/11\/13\/cultura\/1447431410_187542.html\" target=\"_blank\"><strong>a trav\u00e9s de un pack de cinco discos<\/strong><\/a> con canciones in\u00e9ditas, directos y remasterizaciones que ha supuesto el <strong>reencuentro de Garcia, Quimi Portet y del resto de m\u00fasicos<\/strong> que participaron en estos proyectos. Esta ma\u00f1ana <a href=\"http:\/\/cadenaser.com\/programa\/hoy_por_hoy\/\"><strong>en Hoy por hoy con Gemma Nierga<\/strong><\/a>, Lu\u00eds Visiers, bater\u00eda de &#8216;Los R\u00e1pidos&#8217; y el propio Manolo han explicado c\u00f3mo surgi\u00f3 la idea de volver a juntarse y rememorar viejos tiempos.<\/p>\n<p><iframe loading=\"lazy\" src=\"http:\/\/play.cadenaser.com\/widget\/audio\/000WB0660320151119143851\/\" width=\"100%\" height=\"102\" frameborder=\"0\" allowfullscreen><\/iframe><\/p>\n<p>\u00abFue sorprendente. Yo estaba con mi taxi y recibo una llamada de Manolo: \u2018oye Luis, \u00bfnos podemos ver?&#8217;. Paramos en un sitio, <strong>fuimos a un bar, tomamos un caf\u00e9 y empezamos a hablar<\/strong>\u00ab. As\u00ed comenz\u00f3 la historia del reencuentro de &#8216;El \u00faltimo de la fila&#8217;, &#8216;Los burros&#8217; y &#8216; Los r\u00e1pidos\u00bb. El que lo explica es Luis Visiers, el que fuera bater\u00eda de &#8216;Los r\u00e1pidos&#8217;, el primer grupo de Manolo Garc\u00eda. La conversaic\u00f3n de caf\u00e9 (o m\u00e1s bien carajillo) deriv\u00f3 en la idea de recordar viejos tiempos: \u00abManolo me dijo &#8216;Oye mira que tengo un material de &#8216;Los r\u00e1pidos&#8217;\u2026 Yo supercontento. Un d\u00eda me llama, que lo tiene todo preparado: <strong>&#8216;Luis, que vamos a grabar un disco&#8217;.<\/strong> Un poco m\u00e1s y pego un bote en casa\u00bb.<\/p>\n<p>A pesar del reencuentro con Quimi, Manolo <strong>descarta que vuelva realmente &#8216;El \u00faltimo de la fila&#8217;<\/strong>, ni si quiera en concierto. \u00abCon &#8216;El \u00faltimo de la fila&#8217; no. Es un grupo que nos ha dado unas alegr\u00edas inmesas, pero no hay que menearlo. Ser\u00eda esa cosa de \u201c<strong>no vuelvas al lugar donde fuiste feliz\u201d<\/strong>. No va a ser igual\u00bb. Sin embargo, si deja abierta una mini-gira con &#8216;Los burros&#8217;: \u00abSi hubiera ser\u00eda uno o dos. Es como ir a casa del tio. un rato est\u00e1 bien, pero mucho igual es un tost\u00f3n\u00bb<span id=\"sel_1447999424280_9356649478431791\"><\/span><\/p>\n<p>Fuente: Cadena Ser &#8211; Hoy por Hoy &#8211; <a href=\"http:\/\/cadenaser.com\/programa\/2015\/11\/19\/hoy_por_hoy\/1447936546_799004.html\" target=\"_blank\">ENLACE<\/a><\/p>\n","protected":false},"excerpt":{"rendered":"<p>Ma\u00f1ana sale a la venta \u00abHistoria de una banda. Autobiograf\u00eda s\u00f3nica\u00bb, una caja con cinco compactos que incluye material de Los R\u00e1pidos, Los Burros y El \u00daltimo de la Fila, los grupos de los que ha sido vocalista el interpret\u00e9 barcelon\u00e9s. Vuelve &#8216;El \u00faltimo de la fila&#8217;. Y vuelven tambi\u00e9n &#8216;Los R\u00e1pidos&#8217; y &#8216;Los Burros&#8217;.<a class=\"moretag\" href=\"https:\/\/www.manologarciaycia.com\/?p=13684\" title=\"Manolo Garc\u00eda: \u201c&#8217;El \u00daltimo de la Fila&#8217; no volver\u00e1, no hay que menearlo\u201d\" target=\"_self\" rel=\"follow\"> <font face=arial size=2>[Leer m\u00e1s]<\/font> <\/a><\/p>\n","protected":false},"author":2,"featured_media":13686,"comment_status":"closed","ping_status":"closed","sticky":false,"template":"","format":"standard","meta":{"footnotes":""},"categories":[1],"tags":[],"class_list":["post-13684","post","type-post","status-publish","format-standard","has-post-thumbnail","hentry","category-manolo-garcia"],"_links":{"self":[{"href":"https:\/\/www.manologarciaycia.com\/index.php?rest_route=\/wp\/v2\/posts\/13684","targetHints":{"allow":["GET"]}}],"collection":[{"href":"https:\/\/www.manologarciaycia.com\/index.php?rest_route=\/wp\/v2\/posts"}],"about":[{"href":"https:\/\/www.manologarciaycia.com\/index.php?rest_route=\/wp\/v2\/types\/post"}],"author":[{"embeddable":true,"href":"https:\/\/www.manologarciaycia.com\/index.php?rest_route=\/wp\/v2\/users\/2"}],"replies":[{"embeddable":true,"href":"https:\/\/www.manologarciaycia.com\/index.php?rest_route=%2Fwp%2Fv2%2Fcomments&post=13684"}],"version-history":[{"count":3,"href":"https:\/\/www.manologarciaycia.com\/index.php?rest_route=\/wp\/v2\/posts\/13684\/revisions"}],"predecessor-version":[{"id":13688,"href":"https:\/\/www.manologarciaycia.com\/index.php?rest_route=\/wp\/v2\/posts\/13684\/revisions\/13688"}],"wp:featuredmedia":[{"embeddable":true,"href":"https:\/\/www.manologarciaycia.com\/index.php?rest_route=\/wp\/v2\/media\/13686"}],"wp:attachment":[{"href":"https:\/\/www.manologarciaycia.com\/index.php?rest_route=%2Fwp%2Fv2%2Fmedia&parent=13684"}],"wp:term":[{"taxonomy":"category","embeddable":true,"href":"https:\/\/www.manologarciaycia.com\/index.php?rest_route=%2Fwp%2Fv2%2Fcategories&post=13684"},{"taxonomy":"post_tag","embeddable":true,"href":"https:\/\/www.manologarciaycia.com\/index.php?rest_route=%2Fwp%2Fv2%2Ftags&post=13684"}],"curies":[{"name":"wp","href":"https:\/\/api.w.org\/{rel}","templated":true}]}}