{"id":13680,"date":"2015-11-19T14:50:55","date_gmt":"2015-11-19T13:50:55","guid":{"rendered":"http:\/\/www.manologarciaycia.com\/?p=13680"},"modified":"2015-11-19T14:55:50","modified_gmt":"2015-11-19T13:55:50","slug":"los-burros-adria-punti-hazme-sufrir","status":"publish","type":"post","link":"https:\/\/www.manologarciaycia.com\/?p=13680","title":{"rendered":"Los Burros + Adri\u00e0 Punt\u00ed: Hazme sufrir"},"content":{"rendered":"<p><b>Genios al micr\u00f3fono: Garc\u00eda, Portet y Punt\u00ed<\/b><\/p>\n<p>Estrenamos \u00abHazme sufrir\u00bb de Los Burros con Adri\u00e0 Punt\u00ed. Primero fueron Los R\u00e1pidos con Manolo Garc\u00eda. Una vez se conocieron con Quimi Portet se rebautizaron con el nombre  Los Burros, y m\u00e1s tarde lleg\u00f3 la \u00e9poca de El \u00daltimo de la Fila. Ha llovido mucho. 35 a\u00f1os despu\u00e9s y haciendo carrera por separado, los dos artistas catalanes de mayor \u00e9xito de la d\u00e9cada de los 80 y 90 se han reencontrado para regrabar las canciones que marcaron una \u00e9poca. Sony Music publicar\u00e1 ma\u00f1ana una caja de 5 CD, pero a Enderrock.cat ya pod\u00e9is escuchar la revisitaci\u00f3n de \u00abHazme sufrir\u00bb con la inconfundible y magn\u00e9tica colaboraci\u00f3n de Adri\u00e0 Punt\u00ed.<\/p>\n<p><img loading=\"lazy\" decoding=\"async\" src=\"http:\/\/www.enderrock.cat\/redaccio\/arxius\/imatges\/670_14479273031987_Las-Burras815.jpg\" width=\"670\" height=\"453\" class=\"aligncenter\" \/><\/p>\n<p>Lo han pasado en grande. As\u00ed lo explicaba Quimi Portet en Enderrock, despu\u00e9s de que Sony Music anunciara el proyecto discogr\u00e1fico que ten\u00edan entre manos. Parece que no los veremos juntos en directo, ni tampoco encontraremos El \u00daltimo de la Fila  en el cartel de ning\u00fan concierto. Ahora bien, con el paquete de cinco discos que saldr\u00e1 a la venta a partir de ma\u00f1ana no nos podemos quejar. La revisitaci\u00f3n incluye el primer disco hom\u00f3nimo de Los R\u00e1pidos de 1981 remasterizado, un \u00e1lbum de Los Burros con versiones actualizadas, y un doble directo de la \u00faltima gira de El \u00daltimo de la Fila que contiene tres versiones de estudio actuales. <\/p>\n<p>Quimi Portet, Manolo Garc\u00eda y toda la tropa se cerraron los estudios MusicLan en el Alt Empord\u00e0 para quitar el polvo a algunas canciones, como el tema que estrenamos en exclusiva a Enderrock.cat: \u00abHazme sufrir\u00bb de Los Burros. Y por si fuera poco se ha animado otro genio, el Salt Adri\u00e0 Punt\u00ed. <\/p>\n<p>Fuente: Enderrock &#8211; <a href=\"http:\/\/www.enderrock.cat\/noticia\/11003\/genis\/microfon\/garcia\/portet\/punti\" target=\"_blank\">ENLACE <\/a> &#8211; Foto: Xavi Mercad\u00e8<\/p>\n","protected":false},"excerpt":{"rendered":"<p>Genios al micr\u00f3fono: Garc\u00eda, Portet y Punt\u00ed Estrenamos \u00abHazme sufrir\u00bb de Los Burros con Adri\u00e0 Punt\u00ed. Primero fueron Los R\u00e1pidos con Manolo Garc\u00eda. Una vez se conocieron con Quimi Portet se rebautizaron con el nombre Los Burros, y m\u00e1s tarde lleg\u00f3 la \u00e9poca de El \u00daltimo de la Fila. Ha llovido mucho. 35 a\u00f1os despu\u00e9s<a class=\"moretag\" href=\"https:\/\/www.manologarciaycia.com\/?p=13680\" title=\"Los Burros + Adri\u00e0 Punt\u00ed: Hazme sufrir\" target=\"_self\" rel=\"follow\"> <font face=arial size=2>[Leer m\u00e1s]<\/font> <\/a><\/p>\n","protected":false},"author":2,"featured_media":0,"comment_status":"closed","ping_status":"closed","sticky":false,"template":"","format":"audio","meta":{"footnotes":""},"categories":[1],"tags":[],"class_list":["post-13680","post","type-post","status-publish","format-audio","hentry","category-manolo-garcia","post_format-post-format-audio"],"_links":{"self":[{"href":"https:\/\/www.manologarciaycia.com\/index.php?rest_route=\/wp\/v2\/posts\/13680","targetHints":{"allow":["GET"]}}],"collection":[{"href":"https:\/\/www.manologarciaycia.com\/index.php?rest_route=\/wp\/v2\/posts"}],"about":[{"href":"https:\/\/www.manologarciaycia.com\/index.php?rest_route=\/wp\/v2\/types\/post"}],"author":[{"embeddable":true,"href":"https:\/\/www.manologarciaycia.com\/index.php?rest_route=\/wp\/v2\/users\/2"}],"replies":[{"embeddable":true,"href":"https:\/\/www.manologarciaycia.com\/index.php?rest_route=%2Fwp%2Fv2%2Fcomments&post=13680"}],"version-history":[{"count":2,"href":"https:\/\/www.manologarciaycia.com\/index.php?rest_route=\/wp\/v2\/posts\/13680\/revisions"}],"predecessor-version":[{"id":13683,"href":"https:\/\/www.manologarciaycia.com\/index.php?rest_route=\/wp\/v2\/posts\/13680\/revisions\/13683"}],"wp:attachment":[{"href":"https:\/\/www.manologarciaycia.com\/index.php?rest_route=%2Fwp%2Fv2%2Fmedia&parent=13680"}],"wp:term":[{"taxonomy":"category","embeddable":true,"href":"https:\/\/www.manologarciaycia.com\/index.php?rest_route=%2Fwp%2Fv2%2Fcategories&post=13680"},{"taxonomy":"post_tag","embeddable":true,"href":"https:\/\/www.manologarciaycia.com\/index.php?rest_route=%2Fwp%2Fv2%2Ftags&post=13680"}],"curies":[{"name":"wp","href":"https:\/\/api.w.org\/{rel}","templated":true}]}}