{"id":13645,"date":"2015-11-16T19:52:54","date_gmt":"2015-11-16T18:52:54","guid":{"rendered":"http:\/\/www.manologarciaycia.com\/?p=13645"},"modified":"2015-11-17T08:02:14","modified_gmt":"2015-11-17T07:02:14","slug":"canal-33-tvcat-concierto-amnistia-internacional-esta-noche","status":"publish","type":"post","link":"https:\/\/www.manologarciaycia.com\/?p=13645","title":{"rendered":"Els Dies Claus (Canal 33, TVCat): concierto Amnistia Internacional 1988 (V\u00cdDEO)"},"content":{"rendered":"<p>Ayer emitieron en Canal 33 el programa Els dies claus dedicado al Concierto de Amnistia Internacional 1988, con El \u00daltimo de la Fila de entre otros. Aqu\u00ed ten\u00e9is el v\u00eddeo del programa (en Catal\u00e0):<\/p>\n<p><center><div style=\"width: 615px;\" class=\"wp-video\"><video class=\"wp-video-shortcode\" id=\"video-13645-1\" width=\"615\" height=\"346\" preload=\"metadata\" controls=\"controls\"><source type=\"video\/mp4\" src=\"http:\/\/mp4-medium-dwn.media.tv3.cat\/4\/8\/1447294918384.mp4?_=1\" \/><a href=\"http:\/\/mp4-medium-dwn.media.tv3.cat\/4\/8\/1447294918384.mp4\">http:\/\/mp4-medium-dwn.media.tv3.cat\/4\/8\/1447294918384.mp4<\/a><\/video><\/div><\/center><\/p>\n<p>#EUDLF<\/p>\n","protected":false},"excerpt":{"rendered":"<p>Ayer emitieron en Canal 33 el programa Els dies claus dedicado al Concierto de Amnistia Internacional 1988, con El \u00daltimo de la Fila de entre otros. Aqu\u00ed ten\u00e9is el v\u00eddeo del programa (en Catal\u00e0): #EUDLF<a class=\"moretag\" href=\"https:\/\/www.manologarciaycia.com\/?p=13645\" title=\"Els Dies Claus (Canal 33, TVCat): concierto Amnistia Internacional 1988 (V\u00cdDEO)\" target=\"_self\" rel=\"follow\"> <font face=arial size=2>[Leer m\u00e1s]<\/font> <\/a><\/p>\n","protected":false},"author":2,"featured_media":13651,"comment_status":"closed","ping_status":"closed","sticky":false,"template":"","format":"standard","meta":{"footnotes":""},"categories":[1],"tags":[],"class_list":["post-13645","post","type-post","status-publish","format-standard","has-post-thumbnail","hentry","category-manolo-garcia"],"_links":{"self":[{"href":"https:\/\/www.manologarciaycia.com\/index.php?rest_route=\/wp\/v2\/posts\/13645","targetHints":{"allow":["GET"]}}],"collection":[{"href":"https:\/\/www.manologarciaycia.com\/index.php?rest_route=\/wp\/v2\/posts"}],"about":[{"href":"https:\/\/www.manologarciaycia.com\/index.php?rest_route=\/wp\/v2\/types\/post"}],"author":[{"embeddable":true,"href":"https:\/\/www.manologarciaycia.com\/index.php?rest_route=\/wp\/v2\/users\/2"}],"replies":[{"embeddable":true,"href":"https:\/\/www.manologarciaycia.com\/index.php?rest_route=%2Fwp%2Fv2%2Fcomments&post=13645"}],"version-history":[{"count":4,"href":"https:\/\/www.manologarciaycia.com\/index.php?rest_route=\/wp\/v2\/posts\/13645\/revisions"}],"predecessor-version":[{"id":13650,"href":"https:\/\/www.manologarciaycia.com\/index.php?rest_route=\/wp\/v2\/posts\/13645\/revisions\/13650"}],"wp:featuredmedia":[{"embeddable":true,"href":"https:\/\/www.manologarciaycia.com\/index.php?rest_route=\/wp\/v2\/media\/13651"}],"wp:attachment":[{"href":"https:\/\/www.manologarciaycia.com\/index.php?rest_route=%2Fwp%2Fv2%2Fmedia&parent=13645"}],"wp:term":[{"taxonomy":"category","embeddable":true,"href":"https:\/\/www.manologarciaycia.com\/index.php?rest_route=%2Fwp%2Fv2%2Fcategories&post=13645"},{"taxonomy":"post_tag","embeddable":true,"href":"https:\/\/www.manologarciaycia.com\/index.php?rest_route=%2Fwp%2Fv2%2Ftags&post=13645"}],"curies":[{"name":"wp","href":"https:\/\/api.w.org\/{rel}","templated":true}]}}