{"id":13620,"date":"2015-11-14T02:01:35","date_gmt":"2015-11-14T01:01:35","guid":{"rendered":"http:\/\/www.manologarciaycia.com\/?p=13620"},"modified":"2015-11-14T02:02:08","modified_gmt":"2015-11-14T01:02:08","slug":"manolo-garcia-actuara-en-gijon-el-7-de-mayo-proximo-martes-a-la-venta","status":"publish","type":"post","link":"https:\/\/www.manologarciaycia.com\/?p=13620","title":{"rendered":"Manolo Garc\u00eda actuar\u00e1 en Gij\u00f3n el 7 de mayo (pr\u00f3ximo martes a la venta)"},"content":{"rendered":"<p>Las entradas para la actuaci\u00f3n, que forma parte de la gira de su \u00faltimo trabajo, &#8216;Todo es ahora&#8217;, se pondr\u00e1n a la venta el pr\u00f3ximo martes.<\/p>\n<p>Manolo Garc\u00eda actuar\u00e1 en el Palacio de Deportes de Gij\u00f3n el 7 de mayo dentro de su nueva gira &#8216;Todo es ahora&#8217;, una actuaci\u00f3n cuyas entradas se pondr\u00e1n a la venta el pr\u00f3ximo martes.<\/p>\n<p>El tour, que pasar\u00e1 por M\u00e1laga, Bilbao, Zaragoza, Gij\u00f3n, Barcelona, Madrid, Valencia y Sevilla, supone la vuelta de Manolo Garc\u00eda a los grandes escenarios, despu\u00e9s de sus dos \u00faltimas giras, en las que present\u00f3 sus canciones en teatros y auditorios.<\/p>\n<p>Manolo Garc\u00eda se presentar\u00e1 con doble banda, el grupo de m\u00fasicos americanos con los que grab\u00f3 en Nueva York &#8216;Todo es ahora&#8217;, su \u00faltimo trabajo, y su banda habitual de directo.<\/p>\n<p>Fuente: El Comercio &#8211; <a href=\"http:\/\/www.elcomercio.es\/culturas\/musica\/201511\/13\/manolo-garcia-actuara-gijon-20151113192751.html\" target=\"_blank\">ENLACE<\/a><\/p>\n","protected":false},"excerpt":{"rendered":"<p>Las entradas para la actuaci\u00f3n, que forma parte de la gira de su \u00faltimo trabajo, &#8216;Todo es ahora&#8217;, se pondr\u00e1n a la venta el pr\u00f3ximo martes. Manolo Garc\u00eda actuar\u00e1 en el Palacio de Deportes de Gij\u00f3n el 7 de mayo dentro de su nueva gira &#8216;Todo es ahora&#8217;, una actuaci\u00f3n cuyas entradas se pondr\u00e1n a<a class=\"moretag\" href=\"https:\/\/www.manologarciaycia.com\/?p=13620\" title=\"Manolo Garc\u00eda actuar\u00e1 en Gij\u00f3n el 7 de mayo (pr\u00f3ximo martes a la venta)\" target=\"_self\" rel=\"follow\"> <font face=arial size=2>[Leer m\u00e1s]<\/font> <\/a><\/p>\n","protected":false},"author":2,"featured_media":13622,"comment_status":"closed","ping_status":"closed","sticky":false,"template":"","format":"standard","meta":{"footnotes":""},"categories":[1],"tags":[],"class_list":["post-13620","post","type-post","status-publish","format-standard","has-post-thumbnail","hentry","category-manolo-garcia"],"_links":{"self":[{"href":"https:\/\/www.manologarciaycia.com\/index.php?rest_route=\/wp\/v2\/posts\/13620","targetHints":{"allow":["GET"]}}],"collection":[{"href":"https:\/\/www.manologarciaycia.com\/index.php?rest_route=\/wp\/v2\/posts"}],"about":[{"href":"https:\/\/www.manologarciaycia.com\/index.php?rest_route=\/wp\/v2\/types\/post"}],"author":[{"embeddable":true,"href":"https:\/\/www.manologarciaycia.com\/index.php?rest_route=\/wp\/v2\/users\/2"}],"replies":[{"embeddable":true,"href":"https:\/\/www.manologarciaycia.com\/index.php?rest_route=%2Fwp%2Fv2%2Fcomments&post=13620"}],"version-history":[{"count":1,"href":"https:\/\/www.manologarciaycia.com\/index.php?rest_route=\/wp\/v2\/posts\/13620\/revisions"}],"predecessor-version":[{"id":13621,"href":"https:\/\/www.manologarciaycia.com\/index.php?rest_route=\/wp\/v2\/posts\/13620\/revisions\/13621"}],"wp:featuredmedia":[{"embeddable":true,"href":"https:\/\/www.manologarciaycia.com\/index.php?rest_route=\/wp\/v2\/media\/13622"}],"wp:attachment":[{"href":"https:\/\/www.manologarciaycia.com\/index.php?rest_route=%2Fwp%2Fv2%2Fmedia&parent=13620"}],"wp:term":[{"taxonomy":"category","embeddable":true,"href":"https:\/\/www.manologarciaycia.com\/index.php?rest_route=%2Fwp%2Fv2%2Fcategories&post=13620"},{"taxonomy":"post_tag","embeddable":true,"href":"https:\/\/www.manologarciaycia.com\/index.php?rest_route=%2Fwp%2Fv2%2Ftags&post=13620"}],"curies":[{"name":"wp","href":"https:\/\/api.w.org\/{rel}","templated":true}]}}