{"id":13606,"date":"2015-11-13T06:24:28","date_gmt":"2015-11-13T05:24:28","guid":{"rendered":"http:\/\/www.manologarciaycia.com\/?p=13606"},"modified":"2015-11-13T06:24:28","modified_gmt":"2015-11-13T05:24:28","slug":"manolo-garcia-te-invita-a-participar-en-la-marcha-global-contra-el-cambio-climatico","status":"publish","type":"post","link":"https:\/\/www.manologarciaycia.com\/?p=13606","title":{"rendered":"Manolo Garc\u00eda te invita a participar en la marcha global contra el cambio clim\u00e1tico"},"content":{"rendered":"<p><i>\u00abHola a todos,<\/p>\n<p>Al igual que cuando entras en Youtube te tienes que tragar la publicidad hasta que te aparece la cruz y puedes escoger seguir o salir, aqu\u00ed os suelto mi anuncio del d\u00eda y es decisi\u00f3n vuestra salir cuando quer\u00e1is o llegar al final.<\/p>\n<p>De todos es sabido que uno de los problemas m\u00e1s acuciantes al que nos enfrentamos es el cambio clim\u00e1tico, por los indicios y datos cient\u00edficos. No soy nuevo en esta percepci\u00f3n. Desde muy joven he intuido que en ese sentido caminamos en una direcci\u00f3n err\u00f3nea. Vivimos completamente de espaldas a la naturaleza, esquilm\u00e1ndola y haciendo un uso abusivo de los recursos naturales.<\/p>\n<p>Los cient\u00edficos llevan ya mucho tiempo alertando sobre la necesidad de actuar y cambiar. En los \u00faltimos tiempos, voces influyentes en el mundo, como el Papa Francisco, Barack Obama, o Fran\u00e7ois Hollande, est\u00e1n empezando a alertar tambi\u00e9n sobre esta necesidad de tomar medidas urgentes y dr\u00e1sticas. Como ejemplo pr\u00e1ctico que me ha sorprendido gratamente, est\u00e1 el rechazo de Obama al proyecto del gigantesco oleoducto Keystone XL, proyectado para trasladar petr\u00f3leo desde Canad\u00e1 hasta el sur de Estados Unidos; una negativa basada en la sinraz\u00f3n de invertir en un proyecto semejante ante la demostrada urgencia de dejar atr\u00e1s las energ\u00edas f\u00f3siles y sustituirlas por energ\u00edas renovables no contaminantes.<\/p>\n<p>Otro d\u00eda seguiremos hablando si quer\u00e9is de este tema que por partes iguales me apasiona y me inquieta pero hoy permitidme la confianza de que os haga una llamada.<\/p>\n<p>A primeros de diciembre va a ver en Par\u00eds una nueva cumbre de altos mandatarios para debatir medidas de reducci\u00f3n de emisiones contaminantes, causantes del cambio clim\u00e1tico. Es una reuni\u00f3n importante. Venimos de muchas otras cumbres sobre cambio clim\u00e1tico pero en ellas las decisiones no han ido mucho m\u00e1s all\u00e1 de ser capas de maquillaje para intentar tapar el boquete que se est\u00e1 abriendo.<\/p>\n<p>Las d\u00e9cadas, inexorablemente, se abalanzan unas sobre otras y el margen de reacci\u00f3n para el planeta en el que todos vivimos se va acortando. Se nos ha explicado por activa y por pasiva que la subida de tan s\u00f3lo un grado y medio m\u00e1s en la temperatura general ser\u00eda catastr\u00f3fico. Ha llegado el momento de actuar.<\/p>\n<p>El d\u00eda 29 de noviembre, en v\u00edsperas de la Cumbre por el Clima, hay organizada una gran marcha en Par\u00eds para exigir a los dignatarios medidas que se enfrenten seriamente al problema.<\/p>\n<p>Como apoyo a esta marcha de Par\u00eds se han convocado ese mismo d\u00eda 29 marchas similares en todo el mundo. En el Estado espa\u00f1ol hay muchas ciudades donde tambi\u00e9n est\u00e1n convocadas las personas que quieran acudir para alzar su voz y hacer ver a los mandatarios el sentir de la sociedad civil respecto a este tema capital.<\/p>\n<p>Hay una p\u00e1gina en la que pod\u00e9is entrar para saber d\u00f3nde hay convocadas marchas, si ten\u00e9is inter\u00e9s en acudir (<a href=\"https:\/\/secure.avaaz.org\/es\/event\/globalclimatemarch\/\" target=\"_blank\">https:\/\/secure.avaaz.org\/es\/event\/globalclimatemarch\/<\/a>). Yo indudablemente voy a ir y sin \u00e1nimo de aleccionar a nadie, creo que todos deber\u00edamos ir. No cientos ni miles, millones.<\/p>\n<p>Creo que estar\u00e9is de acuerdo conmigo en la importancia de estas marchas. Deber\u00eda ser una sorpresa para los altos dirigentes una alta participaci\u00f3n. Ojal\u00e1 as\u00ed sea porque nos estamos jugando mucho.<\/p>\n<p>Y si lo consider\u00e1is oportuno, difundidlo a toda m\u00e1quina en vuestros facebooks, twitters, whatsapps, tam tams, se\u00f1ales de humo, asociaciones de barrios, clubs de petanca, de ciclistas, de macram\u00e9, surferos, escuelas de m\u00fasica, de pintura, de yoga, palacios del jam\u00f3n, palacios del beb\u00e9, bares, tabernas, clubs de golf, de polo, de p\u00e1del, pasteler\u00edas, mercados, mercadillos, megafon\u00eda de estadios, de centros comerciales, radios municipales, locales, piratas y todo lo que se os ocurra.<\/p>\n<p>Abrazos y, sin \u00e1nimo de dar la lata, el que est\u00e9 de acuerdo con esto, que lo difunda y pida la participaci\u00f3n. Nos vemos en las marchas.<\/p>\n<p>Manolo Garc\u00eda\u00bb<\/p>\n<p>Fuente: P\u00e1gina Oficial Sony Manolo Garc\u00eda &#8211; <a href=\"http:\/\/www.manolo-garcia.com\/2015\/11\/12\/manolo-garcia-te-invita-a-participar-en-la-marcha-global-por-el-cambio-climatico\/\" target=\"_blank\">ENLACE<\/a><\/p>\n","protected":false},"excerpt":{"rendered":"<p>\u00abHola a todos, Al igual que cuando entras en Youtube te tienes que tragar la publicidad hasta que te aparece la cruz y puedes escoger seguir o salir, aqu\u00ed os suelto mi anuncio del d\u00eda y es decisi\u00f3n vuestra salir cuando quer\u00e1is o llegar al final. De todos es sabido que uno de los problemas<a class=\"moretag\" href=\"https:\/\/www.manologarciaycia.com\/?p=13606\" title=\"Manolo Garc\u00eda te invita a participar en la marcha global contra el cambio clim\u00e1tico\" target=\"_self\" rel=\"follow\"> <font face=arial size=2>[Leer m\u00e1s]<\/font> <\/a><\/p>\n","protected":false},"author":2,"featured_media":13607,"comment_status":"closed","ping_status":"closed","sticky":false,"template":"","format":"standard","meta":{"footnotes":""},"categories":[1],"tags":[],"class_list":["post-13606","post","type-post","status-publish","format-standard","has-post-thumbnail","hentry","category-manolo-garcia"],"_links":{"self":[{"href":"https:\/\/www.manologarciaycia.com\/index.php?rest_route=\/wp\/v2\/posts\/13606","targetHints":{"allow":["GET"]}}],"collection":[{"href":"https:\/\/www.manologarciaycia.com\/index.php?rest_route=\/wp\/v2\/posts"}],"about":[{"href":"https:\/\/www.manologarciaycia.com\/index.php?rest_route=\/wp\/v2\/types\/post"}],"author":[{"embeddable":true,"href":"https:\/\/www.manologarciaycia.com\/index.php?rest_route=\/wp\/v2\/users\/2"}],"replies":[{"embeddable":true,"href":"https:\/\/www.manologarciaycia.com\/index.php?rest_route=%2Fwp%2Fv2%2Fcomments&post=13606"}],"version-history":[{"count":1,"href":"https:\/\/www.manologarciaycia.com\/index.php?rest_route=\/wp\/v2\/posts\/13606\/revisions"}],"predecessor-version":[{"id":13608,"href":"https:\/\/www.manologarciaycia.com\/index.php?rest_route=\/wp\/v2\/posts\/13606\/revisions\/13608"}],"wp:featuredmedia":[{"embeddable":true,"href":"https:\/\/www.manologarciaycia.com\/index.php?rest_route=\/wp\/v2\/media\/13607"}],"wp:attachment":[{"href":"https:\/\/www.manologarciaycia.com\/index.php?rest_route=%2Fwp%2Fv2%2Fmedia&parent=13606"}],"wp:term":[{"taxonomy":"category","embeddable":true,"href":"https:\/\/www.manologarciaycia.com\/index.php?rest_route=%2Fwp%2Fv2%2Fcategories&post=13606"},{"taxonomy":"post_tag","embeddable":true,"href":"https:\/\/www.manologarciaycia.com\/index.php?rest_route=%2Fwp%2Fv2%2Ftags&post=13606"}],"curies":[{"name":"wp","href":"https:\/\/api.w.org\/{rel}","templated":true}]}}