{"id":13597,"date":"2015-11-06T13:19:03","date_gmt":"2015-11-06T12:19:03","guid":{"rendered":"http:\/\/www.manologarciaycia.com\/?p=13597"},"modified":"2015-11-06T13:19:03","modified_gmt":"2015-11-06T12:19:03","slug":"manolo-garcia-mejor-embajador-medioambiental-2015-en-los-premios-r-de-ecoembes","status":"publish","type":"post","link":"https:\/\/www.manologarciaycia.com\/?p=13597","title":{"rendered":"Manolo Garc\u00eda, mejor embajador medioambiental 2015 en los &#8216;Premios R&#8217; de Ecoembes"},"content":{"rendered":"<p>Manolo Garc\u00eda ha sido el ganador de la categor\u00eda de &#8216;Mejor Embajador Medioambiental&#8217; en la III edici\u00f3n de los &#8216;Premios R&#8217; de Ecoembes por su gran dedicaci\u00f3n y compromiso con el medio ambiente, con un 90% de los votos, seg\u00fan ha informado la entidad, que desvel\u00f3 los nombres de los ganadores en un acto celebrado este jueves en Madrid.<\/p>\n<p>Fuente: TeInteresa.es &#8211; <a href=\"http:\/\/www.teinteresa.es\/musica\/Manolo-Garcia-medioambiental-Premios-Ecoembes_0_1462654016.html\" target=\"_blank\">ENLACE<\/a> <\/p>\n","protected":false},"excerpt":{"rendered":"<p>Manolo Garc\u00eda ha sido el ganador de la categor\u00eda de &#8216;Mejor Embajador Medioambiental&#8217; en la III edici\u00f3n de los &#8216;Premios R&#8217; de Ecoembes por su gran dedicaci\u00f3n y compromiso con el medio ambiente, con un 90% de los votos, seg\u00fan ha informado la entidad, que desvel\u00f3 los nombres de los ganadores en un acto celebrado<a class=\"moretag\" href=\"https:\/\/www.manologarciaycia.com\/?p=13597\" title=\"Manolo Garc\u00eda, mejor embajador medioambiental 2015 en los &#8216;Premios R&#8217; de Ecoembes\" target=\"_self\" rel=\"follow\"> <font face=arial size=2>[Leer m\u00e1s]<\/font> <\/a><\/p>\n","protected":false},"author":2,"featured_media":13598,"comment_status":"closed","ping_status":"closed","sticky":false,"template":"","format":"standard","meta":{"footnotes":""},"categories":[1],"tags":[],"class_list":["post-13597","post","type-post","status-publish","format-standard","has-post-thumbnail","hentry","category-manolo-garcia"],"_links":{"self":[{"href":"https:\/\/www.manologarciaycia.com\/index.php?rest_route=\/wp\/v2\/posts\/13597","targetHints":{"allow":["GET"]}}],"collection":[{"href":"https:\/\/www.manologarciaycia.com\/index.php?rest_route=\/wp\/v2\/posts"}],"about":[{"href":"https:\/\/www.manologarciaycia.com\/index.php?rest_route=\/wp\/v2\/types\/post"}],"author":[{"embeddable":true,"href":"https:\/\/www.manologarciaycia.com\/index.php?rest_route=\/wp\/v2\/users\/2"}],"replies":[{"embeddable":true,"href":"https:\/\/www.manologarciaycia.com\/index.php?rest_route=%2Fwp%2Fv2%2Fcomments&post=13597"}],"version-history":[{"count":1,"href":"https:\/\/www.manologarciaycia.com\/index.php?rest_route=\/wp\/v2\/posts\/13597\/revisions"}],"predecessor-version":[{"id":13599,"href":"https:\/\/www.manologarciaycia.com\/index.php?rest_route=\/wp\/v2\/posts\/13597\/revisions\/13599"}],"wp:featuredmedia":[{"embeddable":true,"href":"https:\/\/www.manologarciaycia.com\/index.php?rest_route=\/wp\/v2\/media\/13598"}],"wp:attachment":[{"href":"https:\/\/www.manologarciaycia.com\/index.php?rest_route=%2Fwp%2Fv2%2Fmedia&parent=13597"}],"wp:term":[{"taxonomy":"category","embeddable":true,"href":"https:\/\/www.manologarciaycia.com\/index.php?rest_route=%2Fwp%2Fv2%2Fcategories&post=13597"},{"taxonomy":"post_tag","embeddable":true,"href":"https:\/\/www.manologarciaycia.com\/index.php?rest_route=%2Fwp%2Fv2%2Ftags&post=13597"}],"curies":[{"name":"wp","href":"https:\/\/api.w.org\/{rel}","templated":true}]}}