{"id":1359,"date":"2011-05-21T07:20:02","date_gmt":"2011-05-21T06:20:02","guid":{"rendered":"http:\/\/petaos.net\/?p=1359"},"modified":"2011-05-21T07:20:41","modified_gmt":"2011-05-21T06:20:41","slug":"mg-entrevista-depana","status":"publish","type":"post","link":"https:\/\/www.manologarciaycia.com\/?p=1359","title":{"rendered":"MG: Entrevista DEPANA"},"content":{"rendered":"<p><img loading=\"lazy\" decoding=\"async\" class=\"alignleft size-medium wp-image-1360\" title=\"MGDepana\" src=\"http:\/\/petaos.net\/wp-content\/uploads\/2011\/05\/MGDepana-300x284.png\" alt=\"MGDepana\" width=\"300\" height=\"284\" srcset=\"https:\/\/www.manologarciaycia.com\/wp-content\/uploads\/2011\/05\/MGDepana-300x284.png 300w, https:\/\/www.manologarciaycia.com\/wp-content\/uploads\/2011\/05\/MGDepana.png 506w\" sizes=\"auto, (max-width: 300px) 100vw, 300px\" \/>Publicada en la web oficial de Manolo Garc\u00eda una entrevista reciente para la ONG Depana.<\/p>\n<p>\u00abSomos una manada de b\u00fafalos, corriendo hacia el precipicio.\u00bb<\/p>\n<p>Pincha <a href=\"http:\/\/www.manolo-garcia.com\/DEPANA.pdf\" target=\"_blank\">AQUI<\/a> para abrir\/descargar la entrevista en PDF (necesario PDF Reader)<\/p>\n<p>Fuente: Web Oficial MG<\/p>\n<p>RECORDAMOS QUE MANOLO GARC\u00cdA NO ESTAR\u00c1 EN PIRINEOS SUR ACOMPA\u00d1ANDO A OJOS DE BRUJO.<\/p>\n","protected":false},"excerpt":{"rendered":"<p>Publicada en la web oficial de Manolo Garc\u00eda una entrevista reciente para la ONG Depana. \u00abSomos una manada de b\u00fafalos, corriendo hacia el precipicio.\u00bb Pincha AQUI para abrir\/descargar la entrevista en PDF (necesario PDF Reader) Fuente: Web Oficial MG RECORDAMOS QUE MANOLO GARC\u00cdA NO ESTAR\u00c1 EN PIRINEOS SUR ACOMPA\u00d1ANDO A OJOS DE BRUJO.<a class=\"moretag\" href=\"https:\/\/www.manologarciaycia.com\/?p=1359\" title=\"MG: Entrevista DEPANA\" target=\"_self\" rel=\"follow\"> <font face=arial size=2>[Leer m\u00e1s]<\/font> <\/a><\/p>\n","protected":false},"author":2,"featured_media":0,"comment_status":"closed","ping_status":"closed","sticky":false,"template":"","format":"standard","meta":{"footnotes":""},"categories":[1],"tags":[219],"class_list":["post-1359","post","type-post","status-publish","format-standard","hentry","category-manolo-garcia","tag-manolo-garcia-entrevista-2011-depana"],"_links":{"self":[{"href":"https:\/\/www.manologarciaycia.com\/index.php?rest_route=\/wp\/v2\/posts\/1359","targetHints":{"allow":["GET"]}}],"collection":[{"href":"https:\/\/www.manologarciaycia.com\/index.php?rest_route=\/wp\/v2\/posts"}],"about":[{"href":"https:\/\/www.manologarciaycia.com\/index.php?rest_route=\/wp\/v2\/types\/post"}],"author":[{"embeddable":true,"href":"https:\/\/www.manologarciaycia.com\/index.php?rest_route=\/wp\/v2\/users\/2"}],"replies":[{"embeddable":true,"href":"https:\/\/www.manologarciaycia.com\/index.php?rest_route=%2Fwp%2Fv2%2Fcomments&post=1359"}],"version-history":[{"count":2,"href":"https:\/\/www.manologarciaycia.com\/index.php?rest_route=\/wp\/v2\/posts\/1359\/revisions"}],"predecessor-version":[{"id":1362,"href":"https:\/\/www.manologarciaycia.com\/index.php?rest_route=\/wp\/v2\/posts\/1359\/revisions\/1362"}],"wp:attachment":[{"href":"https:\/\/www.manologarciaycia.com\/index.php?rest_route=%2Fwp%2Fv2%2Fmedia&parent=1359"}],"wp:term":[{"taxonomy":"category","embeddable":true,"href":"https:\/\/www.manologarciaycia.com\/index.php?rest_route=%2Fwp%2Fv2%2Fcategories&post=1359"},{"taxonomy":"post_tag","embeddable":true,"href":"https:\/\/www.manologarciaycia.com\/index.php?rest_route=%2Fwp%2Fv2%2Ftags&post=1359"}],"curies":[{"name":"wp","href":"https:\/\/api.w.org\/{rel}","templated":true}]}}