{"id":13587,"date":"2015-11-03T08:34:31","date_gmt":"2015-11-03T07:34:31","guid":{"rendered":"http:\/\/www.manologarciaycia.com\/?p=13587"},"modified":"2015-11-03T08:35:29","modified_gmt":"2015-11-03T07:35:29","slug":"historia-de-una-banda-autobiografia-sonica-de-manolo-garcia-y-quimi-portet-ya-puede-reservarse-a-traves-de-itunes","status":"publish","type":"post","link":"https:\/\/www.manologarciaycia.com\/?p=13587","title":{"rendered":"&#8216;Historia de una Banda (Autobiograf\u00eda S\u00f3nica)&#8217;, ya puede reservarse a trav\u00e9s de Itunes"},"content":{"rendered":"<p>El pack &#8216;Historia de una Banda (Autobiograf\u00eda S\u00f3nica)&#8217;, que ya anunciaron Manolo Garc\u00eda y Quimi Portet y que contiene cinco CD de los grupos &#8216;Los R\u00e1pidos&#8217;, &#8216;Los Burros&#8217; y &#8216;El \u00daltimo de la Fila&#8217;, ya puede reservarse a trav\u00e9s de Itunes. Asimismo, la canci\u00f3n &#8216;Llanto de Pasi\u00f3n&#8217; podr\u00e1 descargarse de manera gratuita a trav\u00e9s de la misma plataforma, seg\u00fan ha informado Sony Music.<\/p>\n<p>Esta caja, que estar\u00e1 a la venta a partir del 20 de noviembre, incluye el \u00fanico directo disponible de &#8216;El \u00faltima de la Fila&#8217;, distribuido en dos discos que contienen 23 canciones grabadas durante la \u00faltima gira de 1995, complementadas con tres temas &#8211;&#8216;Llanto de Pasi\u00f3n&#8217;, &#8216;Sara&#8217; y &#8216;Aviones Plateados&#8217;&#8211; que han vuelto a tocar a su manera en 2015. Adem\u00e1s, incluye cuatro &#8216;bonus track&#8217; de piezas en directo crudas sin mezclar de la gira de 1993.<\/p>\n<p>El pack tambi\u00e9n contiene el primer disco hom\u00f3nimo de &#8216;Los R\u00e1pidos&#8217; de 1981 remasterizado, de t\u00edtulo &#8216;Piensos Luegoexisto&#8217;, su segundo \u00e1lbum grabado 35 a\u00f1os despu\u00e9s del primero con canciones nuevas, as\u00ed como un CD bajo el t\u00edtulo de &#8216;Kloruro S\u00f3diko&#8217;, con once temas escogidos de &#8216;Los Burros&#8217; que han vuelto a grabar.<\/p>\n<p>Por \u00faltimo, seg\u00fan indica Sony Music, la caja se completa con \u00abun libreto extenso, completo y entretenido con letras de los temas, o im\u00e1genes de &#8216;souvenirs&#8217;, fotos, recortes de prensa, entradas de conciertos, textos varios y otros chascarrillos\u00bb.<\/p>\n<p>Fuente: Europa Press &#8211; <a href=\"http:\/\/www.europapress.es\/cultura\/musica-00129\/noticia-historia-banda-autobiografia-sonica-manolo-garcia-quimi-portet-ya-puede-reservarse-traves-itunes-20151102174948.html\" target=\"_blank\">ENLACE<\/a><\/p>\n","protected":false},"excerpt":{"rendered":"<p>El pack &#8216;Historia de una Banda (Autobiograf\u00eda S\u00f3nica)&#8217;, que ya anunciaron Manolo Garc\u00eda y Quimi Portet y que contiene cinco CD de los grupos &#8216;Los R\u00e1pidos&#8217;, &#8216;Los Burros&#8217; y &#8216;El \u00daltimo de la Fila&#8217;, ya puede reservarse a trav\u00e9s de Itunes. Asimismo, la canci\u00f3n &#8216;Llanto de Pasi\u00f3n&#8217; podr\u00e1 descargarse de manera gratuita a trav\u00e9s de<a class=\"moretag\" href=\"https:\/\/www.manologarciaycia.com\/?p=13587\" title=\"&#8216;Historia de una Banda (Autobiograf\u00eda S\u00f3nica)&#8217;, ya puede reservarse a trav\u00e9s de Itunes\" target=\"_self\" rel=\"follow\"> <font face=arial size=2>[Leer m\u00e1s]<\/font> <\/a><\/p>\n","protected":false},"author":2,"featured_media":13523,"comment_status":"closed","ping_status":"closed","sticky":false,"template":"","format":"standard","meta":{"footnotes":""},"categories":[1],"tags":[],"class_list":["post-13587","post","type-post","status-publish","format-standard","has-post-thumbnail","hentry","category-manolo-garcia"],"_links":{"self":[{"href":"https:\/\/www.manologarciaycia.com\/index.php?rest_route=\/wp\/v2\/posts\/13587","targetHints":{"allow":["GET"]}}],"collection":[{"href":"https:\/\/www.manologarciaycia.com\/index.php?rest_route=\/wp\/v2\/posts"}],"about":[{"href":"https:\/\/www.manologarciaycia.com\/index.php?rest_route=\/wp\/v2\/types\/post"}],"author":[{"embeddable":true,"href":"https:\/\/www.manologarciaycia.com\/index.php?rest_route=\/wp\/v2\/users\/2"}],"replies":[{"embeddable":true,"href":"https:\/\/www.manologarciaycia.com\/index.php?rest_route=%2Fwp%2Fv2%2Fcomments&post=13587"}],"version-history":[{"count":2,"href":"https:\/\/www.manologarciaycia.com\/index.php?rest_route=\/wp\/v2\/posts\/13587\/revisions"}],"predecessor-version":[{"id":13589,"href":"https:\/\/www.manologarciaycia.com\/index.php?rest_route=\/wp\/v2\/posts\/13587\/revisions\/13589"}],"wp:featuredmedia":[{"embeddable":true,"href":"https:\/\/www.manologarciaycia.com\/index.php?rest_route=\/wp\/v2\/media\/13523"}],"wp:attachment":[{"href":"https:\/\/www.manologarciaycia.com\/index.php?rest_route=%2Fwp%2Fv2%2Fmedia&parent=13587"}],"wp:term":[{"taxonomy":"category","embeddable":true,"href":"https:\/\/www.manologarciaycia.com\/index.php?rest_route=%2Fwp%2Fv2%2Fcategories&post=13587"},{"taxonomy":"post_tag","embeddable":true,"href":"https:\/\/www.manologarciaycia.com\/index.php?rest_route=%2Fwp%2Fv2%2Ftags&post=13587"}],"curies":[{"name":"wp","href":"https:\/\/api.w.org\/{rel}","templated":true}]}}