{"id":13580,"date":"2015-10-30T14:01:25","date_gmt":"2015-10-30T13:01:25","guid":{"rendered":"http:\/\/www.manologarciaycia.com\/?p=13580"},"modified":"2015-10-30T14:02:33","modified_gmt":"2015-10-30T13:02:33","slug":"fueron-burros","status":"publish","type":"post","link":"https:\/\/www.manologarciaycia.com\/?p=13580","title":{"rendered":"Fueron Burros"},"content":{"rendered":"<p><u><b>Animaladas<\/u><\/b><br \/>\nHubo un tiempo en el que Quimi Portet y Manolo Garc\u00eda fueron muy animales. Se comportaban como fieras desbocadas cuando sub\u00edan a los escenarios, se pon\u00edan embudos en la cabeza, destrozaban televisores y cantaban las canciones a gritos. Fue una \u00e9poca que tendr\u00edamos que situar a principios de los a\u00f1os 80, en la que muchos fans de Manolo Garc\u00eda todav\u00eda no hab\u00eda nacido.  <u><\/p>\n<p><b>Burros<\/u><\/b><br \/>\nSoy de los que piensan que a veces volver a un pasado musical o vovler a juntar bandas que se disolvieron en su mejor momento, es una autentica burrada. Pero Portet y Garc\u00eda no han tenido nunca un pelo de burros y los que nos proponen con esta revisi\u00f3n de su primera \u00e9poca art\u00edstica es m\u00e1s un ejercicio de recuperaci\u00f3n de la memoria hist\u00f3rica.<\/p>\n<p><u><B>Burros y R\u00e1pidos<\/u><\/b> El 20 de noviembre Sony publica un peque\u00f1o tesoro con 5 CDs con las primeras grabaciones de Los Burros y Los R\u00e1pidos, bandas formadas por Quimi y Manolo justo antes de tocar el cielo con los siempre a\u00f1orados El \u00daltimo de la Fila. Uno de los atractivos de la recopilaci\u00f3n es que algunas de esas canciones se han vuelto a grabar 35 a\u00f1os despu\u00e9s.  <u><\/p>\n<p><b>Criterio<\/u><\/b> No espereis ni gira ni reencuentro nost\u00e1lgico, por que no entra en los planes de los dos artistas. Pura y sencilla arqueolog\u00eda musical destinada a los que tenemos los discos originales m\u00e1s que rallados y, sobretodo, a unas nuevas generaciones que posiblement no sabem que hab\u00eda vida antes de Sau y Sopa de Cabra.<\/p>\n<p>Fuente: Albert Puig &#8211; Edici\u00f3n Impresa Time Out Barcelona Octubre 2015 &#8211; <a href=\"http:\/\/www.timeout.cat\/barcelona\/ca\" target=\"_blank\">Enlace<\/a><\/p>\n","protected":false},"excerpt":{"rendered":"<p>Animaladas Hubo un tiempo en el que Quimi Portet y Manolo Garc\u00eda fueron muy animales. Se comportaban como fieras desbocadas cuando sub\u00edan a los escenarios, se pon\u00edan embudos en la cabeza, destrozaban televisores y cantaban las canciones a gritos. Fue una \u00e9poca que tendr\u00edamos que situar a principios de los a\u00f1os 80, en la que<a class=\"moretag\" href=\"https:\/\/www.manologarciaycia.com\/?p=13580\" title=\"Fueron Burros\" target=\"_self\" rel=\"follow\"> <font face=arial size=2>[Leer m\u00e1s]<\/font> <\/a><\/p>\n","protected":false},"author":2,"featured_media":13582,"comment_status":"closed","ping_status":"closed","sticky":false,"template":"","format":"standard","meta":{"footnotes":""},"categories":[1],"tags":[],"class_list":["post-13580","post","type-post","status-publish","format-standard","has-post-thumbnail","hentry","category-manolo-garcia"],"_links":{"self":[{"href":"https:\/\/www.manologarciaycia.com\/index.php?rest_route=\/wp\/v2\/posts\/13580","targetHints":{"allow":["GET"]}}],"collection":[{"href":"https:\/\/www.manologarciaycia.com\/index.php?rest_route=\/wp\/v2\/posts"}],"about":[{"href":"https:\/\/www.manologarciaycia.com\/index.php?rest_route=\/wp\/v2\/types\/post"}],"author":[{"embeddable":true,"href":"https:\/\/www.manologarciaycia.com\/index.php?rest_route=\/wp\/v2\/users\/2"}],"replies":[{"embeddable":true,"href":"https:\/\/www.manologarciaycia.com\/index.php?rest_route=%2Fwp%2Fv2%2Fcomments&post=13580"}],"version-history":[{"count":1,"href":"https:\/\/www.manologarciaycia.com\/index.php?rest_route=\/wp\/v2\/posts\/13580\/revisions"}],"predecessor-version":[{"id":13583,"href":"https:\/\/www.manologarciaycia.com\/index.php?rest_route=\/wp\/v2\/posts\/13580\/revisions\/13583"}],"wp:featuredmedia":[{"embeddable":true,"href":"https:\/\/www.manologarciaycia.com\/index.php?rest_route=\/wp\/v2\/media\/13582"}],"wp:attachment":[{"href":"https:\/\/www.manologarciaycia.com\/index.php?rest_route=%2Fwp%2Fv2%2Fmedia&parent=13580"}],"wp:term":[{"taxonomy":"category","embeddable":true,"href":"https:\/\/www.manologarciaycia.com\/index.php?rest_route=%2Fwp%2Fv2%2Fcategories&post=13580"},{"taxonomy":"post_tag","embeddable":true,"href":"https:\/\/www.manologarciaycia.com\/index.php?rest_route=%2Fwp%2Fv2%2Ftags&post=13580"}],"curies":[{"name":"wp","href":"https:\/\/api.w.org\/{rel}","templated":true}]}}