{"id":1355,"date":"2011-05-17T08:01:55","date_gmt":"2011-05-17T07:01:55","guid":{"rendered":"http:\/\/petaos.net\/?p=1355"},"modified":"2011-05-17T08:02:05","modified_gmt":"2011-05-17T07:02:05","slug":"se-presenta-langa-supergrupo-de-instrumentistas","status":"publish","type":"post","link":"https:\/\/www.manologarciaycia.com\/?p=1355","title":{"rendered":"Se presenta Langa, supergrupo de instrumentistas"},"content":{"rendered":"<p style=\"padding-top: 0px; padding-right: 0px; padding-bottom: 15px; padding-left: 0px; outline-width: 0px; outline-style: initial; outline-color: initial; font-size: 16px; vertical-align: baseline; background-image: initial; background-attachment: initial; background-origin: initial; background-clip: initial; background-color: transparent; background-position: initial initial; background-repeat: initial initial; margin: 0px; border: 0px initial initial;\"><img loading=\"lazy\" decoding=\"async\" class=\"alignleft\" src=\"http:\/\/www.efeeme.com\/wp-content\/uploads\/Langa-16-05-11.jpg\" alt=\"\" width=\"396\" height=\"317\" \/>Cuatro reconocidos m\u00fasicos espa\u00f1oles \u2013Ricardo Mar\u00edn, Nacho Lesko, Paco Bastante y Vicente Climent\u2013 han formado el supergrupo Langa. El 21 de mayo presentar\u00e1n en concierto su primer disco, de pr\u00f3xima aparici\u00f3n, en la sala madrile\u00f1a Honky Tonk (Covarrubias, 24). Las entradas anticipadas ya est\u00e1n a la venta en<a href=\" http:\/\/www.movingtickets.com\" target=\"_blank\"> http:\/\/www.movingtickets.com<\/a>. Los compradores recibir\u00e1n un CD con dos canciones, adelanto del \u00e1lbum. Parte de la recaudaci\u00f3n ir\u00e1 destinada a la ONG \u201cVoces para la conciencia y el desarrollo\u201d (www.voces.org.es).<\/p>\n<p style=\"padding-top: 0px; padding-right: 0px; padding-bottom: 15px; padding-left: 0px; outline-width: 0px; outline-style: initial; outline-color: initial; font-size: 16px; vertical-align: baseline; background-image: initial; background-attachment: initial; background-origin: initial; background-clip: initial; background-color: transparent; background-position: initial initial; background-repeat: initial initial; margin: 0px; border: 0px initial initial;\">Ricardo Mar\u00edn (vocalista, guitarrista y compositor en Langa), ha trabajado con Antonio Vega, Los Secretos, Manolo Garc\u00eda, Ariel Rot, Rosario Flores o Miguel R\u00edos, entre otros. Nacho Lesko (teclados y coros) ha tocado con El \u00faltimo de la Fila, Nacha Pop, Manolo Garc\u00eda, Rosario Flores y Estopa, tambi\u00e9n trabaja como productor musical. Paco bastante (bajo y coros), ha acompa\u00f1ado a Joaqu\u00edn Sabina, Miguel R\u00edos, Jorge Drexler o Juan Perro. Finalmente, Vicente Climent fue bater\u00eda del grupo Esclarecidos y ha trabajado con Serrat, Juan Perro o Pedro Guerra.<\/p>\n<p style=\"padding-top: 0px; padding-right: 0px; padding-bottom: 15px; padding-left: 0px; outline-width: 0px; outline-style: initial; outline-color: initial; font-size: 16px; vertical-align: baseline; background-image: initial; background-attachment: initial; background-origin: initial; background-clip: initial; background-color: transparent; background-position: initial initial; background-repeat: initial initial; margin: 0px; border: 0px initial initial;\">Fuente: Efeeme.com &#8211; <a href=\"http:\/\/www.efeeme.com\/83778\/se-presenta-langa-supergrupo-de-instrumentistas-espanoles\/\" target=\"_blank\">ENLACE<\/a><\/p>\n","protected":false},"excerpt":{"rendered":"<p>Cuatro reconocidos m\u00fasicos espa\u00f1oles \u2013Ricardo Mar\u00edn, Nacho Lesko, Paco Bastante y Vicente Climent\u2013 han formado el supergrupo Langa. El 21 de mayo presentar\u00e1n en concierto su primer disco, de pr\u00f3xima aparici\u00f3n, en la sala madrile\u00f1a Honky Tonk (Covarrubias, 24). Las entradas anticipadas ya est\u00e1n a la venta en http:\/\/www.movingtickets.com. Los compradores recibir\u00e1n un CD con<a class=\"moretag\" href=\"https:\/\/www.manologarciaycia.com\/?p=1355\" title=\"Se presenta Langa, supergrupo de instrumentistas\" target=\"_self\" rel=\"follow\"> <font face=arial size=2>[Leer m\u00e1s]<\/font> <\/a><\/p>\n","protected":false},"author":2,"featured_media":0,"comment_status":"closed","ping_status":"closed","sticky":false,"template":"","format":"standard","meta":{"footnotes":""},"categories":[23],"tags":[218],"class_list":["post-1355","post","type-post","status-publish","format-standard","hentry","category-otros","tag-langa-concierto-ricardo-marin-nacho-lesko-bastante-climent-honky"],"_links":{"self":[{"href":"https:\/\/www.manologarciaycia.com\/index.php?rest_route=\/wp\/v2\/posts\/1355","targetHints":{"allow":["GET"]}}],"collection":[{"href":"https:\/\/www.manologarciaycia.com\/index.php?rest_route=\/wp\/v2\/posts"}],"about":[{"href":"https:\/\/www.manologarciaycia.com\/index.php?rest_route=\/wp\/v2\/types\/post"}],"author":[{"embeddable":true,"href":"https:\/\/www.manologarciaycia.com\/index.php?rest_route=\/wp\/v2\/users\/2"}],"replies":[{"embeddable":true,"href":"https:\/\/www.manologarciaycia.com\/index.php?rest_route=%2Fwp%2Fv2%2Fcomments&post=1355"}],"version-history":[{"count":2,"href":"https:\/\/www.manologarciaycia.com\/index.php?rest_route=\/wp\/v2\/posts\/1355\/revisions"}],"predecessor-version":[{"id":1357,"href":"https:\/\/www.manologarciaycia.com\/index.php?rest_route=\/wp\/v2\/posts\/1355\/revisions\/1357"}],"wp:attachment":[{"href":"https:\/\/www.manologarciaycia.com\/index.php?rest_route=%2Fwp%2Fv2%2Fmedia&parent=1355"}],"wp:term":[{"taxonomy":"category","embeddable":true,"href":"https:\/\/www.manologarciaycia.com\/index.php?rest_route=%2Fwp%2Fv2%2Fcategories&post=1355"},{"taxonomy":"post_tag","embeddable":true,"href":"https:\/\/www.manologarciaycia.com\/index.php?rest_route=%2Fwp%2Fv2%2Ftags&post=1355"}],"curies":[{"name":"wp","href":"https:\/\/api.w.org\/{rel}","templated":true}]}}