{"id":1346,"date":"2011-05-04T07:30:07","date_gmt":"2011-05-04T06:30:07","guid":{"rendered":"http:\/\/petaos.net\/?p=1346"},"modified":"2011-05-06T07:46:50","modified_gmt":"2011-05-06T06:46:50","slug":"mg-colaboracion-este-viernes-en-el-concierto-de-ojos-de-brujo-en-bcn","status":"publish","type":"post","link":"https:\/\/www.manologarciaycia.com\/?p=1346","title":{"rendered":"MG: CANCELADO &#8211; Colaboraci\u00f3n este viernes en el concierto de Ojos de Brujo en BCN"},"content":{"rendered":"<p>Manolo Garc\u00eda ser\u00e1 artista invitado en el concierto que Ojos De Brujo ofrece este pr\u00f3ximo viernes 6 de mayo en la Sala Apolo de Barcelona.<\/p>\n<p>En \u00e9l, Manolo interpretar\u00e1 \u201cBaraka\u201d junto a la banda; canci\u00f3n que ya versionase Manolo junto a Marina Abad en el \u00faltimo \u00e1lbum de Ojos de Brujo<\/p>\n<p>CONCIERTO CANCELADO:<\/p>\n<p>\u00abSentimos comunicaros que nos vemos obligados a cancelar el concierto del viernes en Apolo por un motivo contractual. Visto lo visto, confiamos en poder hacer un concierto en barcelona, sin promotores de por medio, antes de que acabe el a\u00f1o. Sentimos las molestias que esto os haya podido causar.\u00bb<\/p>\n<p>M\u00e1s informaci\u00f3n sobre el concierto\/entradas, etc. en <a href=\"  http:\/\/www.ojosdebrujo.com\" target=\"_blank\">Ojos de Brujo<\/a><\/p>\n","protected":false},"excerpt":{"rendered":"<p>Manolo Garc\u00eda ser\u00e1 artista invitado en el concierto que Ojos De Brujo ofrece este pr\u00f3ximo viernes 6 de mayo en la Sala Apolo de Barcelona. En \u00e9l, Manolo interpretar\u00e1 \u201cBaraka\u201d junto a la banda; canci\u00f3n que ya versionase Manolo junto a Marina Abad en el \u00faltimo \u00e1lbum de Ojos de Brujo CONCIERTO CANCELADO: \u00abSentimos comunicaros<a class=\"moretag\" href=\"https:\/\/www.manologarciaycia.com\/?p=1346\" title=\"MG: CANCELADO &#8211; Colaboraci\u00f3n este viernes en el concierto de Ojos de Brujo en BCN\" target=\"_self\" rel=\"follow\"> <font face=arial size=2>[Leer m\u00e1s]<\/font> <\/a><\/p>\n","protected":false},"author":2,"featured_media":0,"comment_status":"closed","ping_status":"closed","sticky":false,"template":"","format":"standard","meta":{"footnotes":""},"categories":[1,23],"tags":[216],"class_list":["post-1346","post","type-post","status-publish","format-standard","hentry","category-manolo-garcia","category-otros","tag-manolo-garcia-ojos-brujo-concierto"],"_links":{"self":[{"href":"https:\/\/www.manologarciaycia.com\/index.php?rest_route=\/wp\/v2\/posts\/1346","targetHints":{"allow":["GET"]}}],"collection":[{"href":"https:\/\/www.manologarciaycia.com\/index.php?rest_route=\/wp\/v2\/posts"}],"about":[{"href":"https:\/\/www.manologarciaycia.com\/index.php?rest_route=\/wp\/v2\/types\/post"}],"author":[{"embeddable":true,"href":"https:\/\/www.manologarciaycia.com\/index.php?rest_route=\/wp\/v2\/users\/2"}],"replies":[{"embeddable":true,"href":"https:\/\/www.manologarciaycia.com\/index.php?rest_route=%2Fwp%2Fv2%2Fcomments&post=1346"}],"version-history":[{"count":4,"href":"https:\/\/www.manologarciaycia.com\/index.php?rest_route=\/wp\/v2\/posts\/1346\/revisions"}],"predecessor-version":[{"id":1350,"href":"https:\/\/www.manologarciaycia.com\/index.php?rest_route=\/wp\/v2\/posts\/1346\/revisions\/1350"}],"wp:attachment":[{"href":"https:\/\/www.manologarciaycia.com\/index.php?rest_route=%2Fwp%2Fv2%2Fmedia&parent=1346"}],"wp:term":[{"taxonomy":"category","embeddable":true,"href":"https:\/\/www.manologarciaycia.com\/index.php?rest_route=%2Fwp%2Fv2%2Fcategories&post=1346"},{"taxonomy":"post_tag","embeddable":true,"href":"https:\/\/www.manologarciaycia.com\/index.php?rest_route=%2Fwp%2Fv2%2Ftags&post=1346"}],"curies":[{"name":"wp","href":"https:\/\/api.w.org\/{rel}","templated":true}]}}