{"id":13416,"date":"2015-10-08T08:58:23","date_gmt":"2015-10-08T06:58:23","guid":{"rendered":"http:\/\/www.manologarciaycia.com\/?p=13416"},"modified":"2015-10-08T08:58:23","modified_gmt":"2015-10-08T06:58:23","slug":"manolo-garcia-expone-en-la-sala-pares-ilustraciones-sobre-la-temporada-del-liceu","status":"publish","type":"post","link":"https:\/\/www.manologarciaycia.com\/?p=13416","title":{"rendered":"Manolo Garc\u00eda expone en la Sala Par\u00e9s ilustraciones sobre la temporada del Liceu"},"content":{"rendered":"<p>La Sala Par\u00e9s inaugurar\u00e1 este jueves a las 19.30 una exposici\u00f3n del cantante Manolo Garc\u00eda con las ilustraciones originales que ha hecho para el libro &#8216;Temporada d&#8217;\u00d2pera 2015-2016&#8217;. La asociaci\u00f3n Amics del Liceu edita cada a\u00f1o un libro con el programa de \u00f3peras de cada temporada e invita a un artista para que lo ilustre, ha informado en un comunicado la productora Sony Music. Los beneficios de la exposici\u00f3n, que estar\u00e1 abierta en Barcelona hasta el 10 de noviembre, se destinar\u00e1n a la ONG Fefoc, una asociaci\u00f3n de apoyo a los enfermos de c\u00e1ncer y familiares.<\/p>\n<p><a href=\"http:\/\/www.manologarciaycia.com\/wp-content\/uploads\/2015\/10\/MG_Europapress_1.jpg\"><img loading=\"lazy\" decoding=\"async\" src=\"http:\/\/www.manologarciaycia.com\/wp-content\/uploads\/2015\/10\/MG_Europapress_1-500x333.jpg\" alt=\"MG_Europapress_1\" width=\"500\" height=\"333\" class=\"aligncenter size-medium wp-image-13418\" srcset=\"https:\/\/www.manologarciaycia.com\/wp-content\/uploads\/2015\/10\/MG_Europapress_1-500x333.jpg 500w, https:\/\/www.manologarciaycia.com\/wp-content\/uploads\/2015\/10\/MG_Europapress_1-695x463.jpg 695w, https:\/\/www.manologarciaycia.com\/wp-content\/uploads\/2015\/10\/MG_Europapress_1.jpg 800w\" sizes=\"auto, (max-width: 500px) 100vw, 500px\" \/><\/a><\/p>\n<p>Fuente: EuropaPress &#8211; <a href=\"http:\/\/www.europapress.es\/cultura\/musica-00129\/noticia-manolo-garcia-expone-sala-pares-ilustraciones-temporada-liceu-20151007144315.html\" target=\"_blank\">ENLACE<\/a><\/p>\n","protected":false},"excerpt":{"rendered":"<p>La Sala Par\u00e9s inaugurar\u00e1 este jueves a las 19.30 una exposici\u00f3n del cantante Manolo Garc\u00eda con las ilustraciones originales que ha hecho para el libro &#8216;Temporada d&#8217;\u00d2pera 2015-2016&#8217;. La asociaci\u00f3n Amics del Liceu edita cada a\u00f1o un libro con el programa de \u00f3peras de cada temporada e invita a un artista para que lo ilustre,<a class=\"moretag\" href=\"https:\/\/www.manologarciaycia.com\/?p=13416\" title=\"Manolo Garc\u00eda expone en la Sala Par\u00e9s ilustraciones sobre la temporada del Liceu\" target=\"_self\" rel=\"follow\"> <font face=arial size=2>[Leer m\u00e1s]<\/font> <\/a><\/p>\n","protected":false},"author":2,"featured_media":13417,"comment_status":"closed","ping_status":"closed","sticky":false,"template":"","format":"standard","meta":{"footnotes":""},"categories":[1],"tags":[],"class_list":["post-13416","post","type-post","status-publish","format-standard","has-post-thumbnail","hentry","category-manolo-garcia"],"_links":{"self":[{"href":"https:\/\/www.manologarciaycia.com\/index.php?rest_route=\/wp\/v2\/posts\/13416","targetHints":{"allow":["GET"]}}],"collection":[{"href":"https:\/\/www.manologarciaycia.com\/index.php?rest_route=\/wp\/v2\/posts"}],"about":[{"href":"https:\/\/www.manologarciaycia.com\/index.php?rest_route=\/wp\/v2\/types\/post"}],"author":[{"embeddable":true,"href":"https:\/\/www.manologarciaycia.com\/index.php?rest_route=\/wp\/v2\/users\/2"}],"replies":[{"embeddable":true,"href":"https:\/\/www.manologarciaycia.com\/index.php?rest_route=%2Fwp%2Fv2%2Fcomments&post=13416"}],"version-history":[{"count":1,"href":"https:\/\/www.manologarciaycia.com\/index.php?rest_route=\/wp\/v2\/posts\/13416\/revisions"}],"predecessor-version":[{"id":13419,"href":"https:\/\/www.manologarciaycia.com\/index.php?rest_route=\/wp\/v2\/posts\/13416\/revisions\/13419"}],"wp:featuredmedia":[{"embeddable":true,"href":"https:\/\/www.manologarciaycia.com\/index.php?rest_route=\/wp\/v2\/media\/13417"}],"wp:attachment":[{"href":"https:\/\/www.manologarciaycia.com\/index.php?rest_route=%2Fwp%2Fv2%2Fmedia&parent=13416"}],"wp:term":[{"taxonomy":"category","embeddable":true,"href":"https:\/\/www.manologarciaycia.com\/index.php?rest_route=%2Fwp%2Fv2%2Fcategories&post=13416"},{"taxonomy":"post_tag","embeddable":true,"href":"https:\/\/www.manologarciaycia.com\/index.php?rest_route=%2Fwp%2Fv2%2Ftags&post=13416"}],"curies":[{"name":"wp","href":"https:\/\/api.w.org\/{rel}","templated":true}]}}