{"id":13341,"date":"2015-09-28T16:11:12","date_gmt":"2015-09-28T14:11:12","guid":{"rendered":"http:\/\/www.manologarciaycia.com\/?p=13341"},"modified":"2015-09-28T16:11:12","modified_gmt":"2015-09-28T14:11:12","slug":"xx-feria-internacional-del-disco-de-barcelona-3-y-4-de-octubre","status":"publish","type":"post","link":"https:\/\/www.manologarciaycia.com\/?p=13341","title":{"rendered":"XX Feria Internacional del Disco de Barcelona. 3 y 4 de Octubre."},"content":{"rendered":"<p>XX Feria Internacional del Disco de Barcelona. D\u00edas 3 y 4 de Octubre. Estaci\u00f3 del Nord (Al\u00ed Bei 80, entrada por calle N\u00e0pols). S\u00e1bado de 10h a 21h, Domingo de 11h a 20h. Entrada d\u00eda: 6\u20ac. Una buena oportunidad para los coleccionistas.<\/p>\n<p><span class=\"_58cl\">\u202a#\u200e<\/span><span class=\"_58cm\">FeriaInternacionaldelDisco\u202c<\/span><\/p>\n<p>Fuente:\u00a0<a href=\"http:\/\/feriainternacionaldeldisco.com\/bcn\/?lang=es\" target=\"_blank\" rel=\"nofollow\">http:\/\/feriainternacionaldeldisco.com\/bcn\/?lang=es<\/a><\/p>\n","protected":false},"excerpt":{"rendered":"<p>XX Feria Internacional del Disco de Barcelona. D\u00edas 3 y 4 de Octubre. Estaci\u00f3 del Nord (Al\u00ed Bei 80, entrada por calle N\u00e0pols). S\u00e1bado de 10h a 21h, Domingo de 11h a 20h. Entrada d\u00eda: 6\u20ac. Una buena oportunidad para los coleccionistas. \u202a#\u200eFeriaInternacionaldelDisco\u202c Fuente:\u00a0http:\/\/feriainternacionaldeldisco.com\/bcn\/?lang=es<a class=\"moretag\" href=\"https:\/\/www.manologarciaycia.com\/?p=13341\" title=\"XX Feria Internacional del Disco de Barcelona. 3 y 4 de Octubre.\" target=\"_self\" rel=\"follow\"> <font face=arial size=2>[Leer m\u00e1s]<\/font> <\/a><\/p>\n","protected":false},"author":2,"featured_media":13342,"comment_status":"closed","ping_status":"closed","sticky":false,"template":"","format":"standard","meta":{"footnotes":""},"categories":[1],"tags":[],"class_list":["post-13341","post","type-post","status-publish","format-standard","has-post-thumbnail","hentry","category-manolo-garcia"],"_links":{"self":[{"href":"https:\/\/www.manologarciaycia.com\/index.php?rest_route=\/wp\/v2\/posts\/13341","targetHints":{"allow":["GET"]}}],"collection":[{"href":"https:\/\/www.manologarciaycia.com\/index.php?rest_route=\/wp\/v2\/posts"}],"about":[{"href":"https:\/\/www.manologarciaycia.com\/index.php?rest_route=\/wp\/v2\/types\/post"}],"author":[{"embeddable":true,"href":"https:\/\/www.manologarciaycia.com\/index.php?rest_route=\/wp\/v2\/users\/2"}],"replies":[{"embeddable":true,"href":"https:\/\/www.manologarciaycia.com\/index.php?rest_route=%2Fwp%2Fv2%2Fcomments&post=13341"}],"version-history":[{"count":1,"href":"https:\/\/www.manologarciaycia.com\/index.php?rest_route=\/wp\/v2\/posts\/13341\/revisions"}],"predecessor-version":[{"id":13343,"href":"https:\/\/www.manologarciaycia.com\/index.php?rest_route=\/wp\/v2\/posts\/13341\/revisions\/13343"}],"wp:featuredmedia":[{"embeddable":true,"href":"https:\/\/www.manologarciaycia.com\/index.php?rest_route=\/wp\/v2\/media\/13342"}],"wp:attachment":[{"href":"https:\/\/www.manologarciaycia.com\/index.php?rest_route=%2Fwp%2Fv2%2Fmedia&parent=13341"}],"wp:term":[{"taxonomy":"category","embeddable":true,"href":"https:\/\/www.manologarciaycia.com\/index.php?rest_route=%2Fwp%2Fv2%2Fcategories&post=13341"},{"taxonomy":"post_tag","embeddable":true,"href":"https:\/\/www.manologarciaycia.com\/index.php?rest_route=%2Fwp%2Fv2%2Ftags&post=13341"}],"curies":[{"name":"wp","href":"https:\/\/api.w.org\/{rel}","templated":true}]}}