{"id":13333,"date":"2015-09-25T13:24:49","date_gmt":"2015-09-25T11:24:49","guid":{"rendered":"http:\/\/www.manologarciaycia.com\/?p=13333"},"modified":"2015-09-25T13:24:49","modified_gmt":"2015-09-25T11:24:49","slug":"manolo-garcia-en-el-batir-de-los-mares","status":"publish","type":"post","link":"https:\/\/www.manologarciaycia.com\/?p=13333","title":{"rendered":"Manolo Garc\u00eda: En el batir de los mares"},"content":{"rendered":"<p>En directo en el Auditori de Sant Cugat el 2\/2\/2012 presentando su disco Los D\u00edas Intactos. Con\u00a0I\u00f1igo Goldaracena, Nacho Lesko, Juan Carlos Garc\u00eda, Ricardo Mar\u00edn, Victor Iniesta, Charly Sarda.<\/p>\n","protected":false},"excerpt":{"rendered":"<p>En directo en el Auditori de Sant Cugat el 2\/2\/2012 presentando su disco Los D\u00edas Intactos. Con\u00a0I\u00f1igo Goldaracena, Nacho Lesko, Juan Carlos Garc\u00eda, Ricardo Mar\u00edn, Victor Iniesta, Charly Sarda.<a class=\"moretag\" href=\"https:\/\/www.manologarciaycia.com\/?p=13333\" title=\"Manolo Garc\u00eda: En el batir de los mares\" target=\"_self\" rel=\"follow\"> <font face=arial size=2>[Leer m\u00e1s]<\/font> <\/a><\/p>\n","protected":false},"author":2,"featured_media":0,"comment_status":"closed","ping_status":"closed","sticky":false,"template":"","format":"video","meta":{"footnotes":""},"categories":[1],"tags":[],"class_list":["post-13333","post","type-post","status-publish","format-video","hentry","category-manolo-garcia","post_format-post-format-video"],"_links":{"self":[{"href":"https:\/\/www.manologarciaycia.com\/index.php?rest_route=\/wp\/v2\/posts\/13333","targetHints":{"allow":["GET"]}}],"collection":[{"href":"https:\/\/www.manologarciaycia.com\/index.php?rest_route=\/wp\/v2\/posts"}],"about":[{"href":"https:\/\/www.manologarciaycia.com\/index.php?rest_route=\/wp\/v2\/types\/post"}],"author":[{"embeddable":true,"href":"https:\/\/www.manologarciaycia.com\/index.php?rest_route=\/wp\/v2\/users\/2"}],"replies":[{"embeddable":true,"href":"https:\/\/www.manologarciaycia.com\/index.php?rest_route=%2Fwp%2Fv2%2Fcomments&post=13333"}],"version-history":[{"count":1,"href":"https:\/\/www.manologarciaycia.com\/index.php?rest_route=\/wp\/v2\/posts\/13333\/revisions"}],"predecessor-version":[{"id":13334,"href":"https:\/\/www.manologarciaycia.com\/index.php?rest_route=\/wp\/v2\/posts\/13333\/revisions\/13334"}],"wp:attachment":[{"href":"https:\/\/www.manologarciaycia.com\/index.php?rest_route=%2Fwp%2Fv2%2Fmedia&parent=13333"}],"wp:term":[{"taxonomy":"category","embeddable":true,"href":"https:\/\/www.manologarciaycia.com\/index.php?rest_route=%2Fwp%2Fv2%2Fcategories&post=13333"},{"taxonomy":"post_tag","embeddable":true,"href":"https:\/\/www.manologarciaycia.com\/index.php?rest_route=%2Fwp%2Fv2%2Ftags&post=13333"}],"curies":[{"name":"wp","href":"https:\/\/api.w.org\/{rel}","templated":true}]}}