{"id":13326,"date":"2015-09-24T12:56:09","date_gmt":"2015-09-24T10:56:09","guid":{"rendered":"http:\/\/www.manologarciaycia.com\/?p=13326"},"modified":"2015-09-24T13:00:05","modified_gmt":"2015-09-24T11:00:05","slug":"13326","status":"publish","type":"post","link":"https:\/\/www.manologarciaycia.com\/?p=13326","title":{"rendered":"Manolo Garc\u00eda: Informaci\u00f3n sobre entradas Gij\u00f3n y Granada 2016"},"content":{"rendered":"<p>\u00abLas entradas para el concierto de Gij\u00f3n saldr\u00e1n a la venta m\u00e1s adelante, y las del de Granada tambi\u00e9n por ajustes del calendario deportivo. En este \u00faltimo caso se aplaza el inicio de la venta de entradas, y ya te informaremos de la fecha con la debida antelaci\u00f3n.\u00bb<a class=\"_58cn\" href=\"https:\/\/www.facebook.com\/hashtag\/manologarc%C3%ADa?source=feed_text&amp;story_id=664430536992889\" data-ft=\"{&quot;tn&quot;:&quot;*N&quot;,&quot;type&quot;:104}\"><span class=\"_58cl\">\u202a#\u200e<\/span><span class=\"_58cm\">ManoloGarc\u00eda\u202c<\/span><\/a> <a class=\"_58cn\" href=\"https:\/\/www.facebook.com\/hashtag\/todoesahora?source=feed_text&amp;story_id=664430536992889\" data-ft=\"{&quot;tn&quot;:&quot;*N&quot;,&quot;type&quot;:104}\"><span class=\"_58cl\">\u202a#\u200e<\/span><span class=\"_58cm\">TodoesAhora\u202c<\/span><\/a> <a class=\"_58cn\" href=\"https:\/\/www.facebook.com\/hashtag\/gira2016?source=feed_text&amp;story_id=664430536992889\" data-ft=\"{&quot;tn&quot;:&quot;*N&quot;,&quot;type&quot;:104}\"><span class=\"_58cl\">\u202a#\u200e<\/span><span class=\"_58cm\">Gira2016\u202c<\/span><\/a><\/p>\n","protected":false},"excerpt":{"rendered":"<p>\u00abLas entradas para el concierto de Gij\u00f3n saldr\u00e1n a la venta m\u00e1s adelante, y las del de Granada tambi\u00e9n por ajustes del calendario deportivo. En este \u00faltimo caso se aplaza el inicio de la venta de entradas, y ya te informaremos de la fecha con la debida antelaci\u00f3n.\u00bb\u202a#\u200eManoloGarc\u00eda\u202c \u202a#\u200eTodoesAhora\u202c \u202a#\u200eGira2016\u202c<\/p>\n","protected":false},"author":2,"featured_media":0,"comment_status":"closed","ping_status":"closed","sticky":false,"template":"","format":"quote","meta":{"footnotes":""},"categories":[1],"tags":[],"class_list":["post-13326","post","type-post","status-publish","format-quote","hentry","category-manolo-garcia","post_format-post-format-quote"],"_links":{"self":[{"href":"https:\/\/www.manologarciaycia.com\/index.php?rest_route=\/wp\/v2\/posts\/13326","targetHints":{"allow":["GET"]}}],"collection":[{"href":"https:\/\/www.manologarciaycia.com\/index.php?rest_route=\/wp\/v2\/posts"}],"about":[{"href":"https:\/\/www.manologarciaycia.com\/index.php?rest_route=\/wp\/v2\/types\/post"}],"author":[{"embeddable":true,"href":"https:\/\/www.manologarciaycia.com\/index.php?rest_route=\/wp\/v2\/users\/2"}],"replies":[{"embeddable":true,"href":"https:\/\/www.manologarciaycia.com\/index.php?rest_route=%2Fwp%2Fv2%2Fcomments&post=13326"}],"version-history":[{"count":2,"href":"https:\/\/www.manologarciaycia.com\/index.php?rest_route=\/wp\/v2\/posts\/13326\/revisions"}],"predecessor-version":[{"id":13328,"href":"https:\/\/www.manologarciaycia.com\/index.php?rest_route=\/wp\/v2\/posts\/13326\/revisions\/13328"}],"wp:attachment":[{"href":"https:\/\/www.manologarciaycia.com\/index.php?rest_route=%2Fwp%2Fv2%2Fmedia&parent=13326"}],"wp:term":[{"taxonomy":"category","embeddable":true,"href":"https:\/\/www.manologarciaycia.com\/index.php?rest_route=%2Fwp%2Fv2%2Fcategories&post=13326"},{"taxonomy":"post_tag","embeddable":true,"href":"https:\/\/www.manologarciaycia.com\/index.php?rest_route=%2Fwp%2Fv2%2Ftags&post=13326"}],"curies":[{"name":"wp","href":"https:\/\/api.w.org\/{rel}","templated":true}]}}