{"id":1330,"date":"2011-05-20T07:45:49","date_gmt":"2011-05-20T06:45:49","guid":{"rendered":"http:\/\/petaos.net\/?p=1330"},"modified":"2011-05-21T07:02:33","modified_gmt":"2011-05-21T06:02:33","slug":"mg-colaboracion-en-concierto-despedida-de-ojos-de-brujo","status":"publish","type":"post","link":"https:\/\/www.manologarciaycia.com\/?p=1330","title":{"rendered":"MG: FINALMENTE Manolo no podr\u00e1 asistir al concierto despedida de Ojos de Brujo"},"content":{"rendered":"<p><img loading=\"lazy\" decoding=\"async\" class=\"alignleft\" src=\"http:\/\/www.pirineos-sur.es\/inicio\/cartel2011.jpg\" alt=\"\" width=\"242\" height=\"346\" \/><\/p>\n<p>CONCIERTO DE DESPEDIDA: con la participaci\u00f3n de Manolo Garc\u00eda, Eva Amaral, Miguel Campillo&#8230; el pr\u00f3ximo\u00a030 de julio en el Auditorio Natural de Lanuza, dentro del Festival Pirineos Sur.<strong> FINALMENTE, TAL Y COMO HA CONFIRMADO SU ENTORNO, MANOLO GARC\u00cdA NO ACOMPA\u00d1AR\u00c1 A OJOS DE BRUJO EN ESTE CONCIERTO.<\/strong><\/p>\n<p>Ojos de Brujo celebra sus diez a\u00f1os de m\u00fasica y se despide de los escenarios por todo lo grande, dejando cinco \u00e1lbumes, dos DVD\u2019s, 15 videos, siete giras, varias colaboraciones con otros artistas y mucha fiesta alrededor de todo el mundo. Siguen siendo el referente mundial de la rumba moderna.<\/p>\n<p>Ojos de Brujo se despiden ahora con Corriente vital: 10 a\u00f1os,un disco que repasa sus cl\u00e1sicos con artistas invitados de la talla de Bebe, Manolo Garc\u00eda, Estopa, Jorge Drexler, Amaral y muchos m\u00e1s, desde la visi\u00f3n de diferentes productores y con dos temas absolutamente in\u00e9ditos. Un trabajo que recoge con un esp\u00edritu de celebraci\u00f3n de esta d\u00e9cada con su fuerza, ritmo y fusi\u00f3n; un gran trabajo de grupo hacia la conciencia y la libertad personal y art\u00edstica.<\/p>\n<p>Aviso de Sandra (gracias!). Fuente:\u00a0Pirineos Sur, <a href=\"http:\/\/www.pirineos-sur.es\/artistas\/?artista=351\" target=\"_blank\">ENLACE<\/a><\/p>\n","protected":false},"excerpt":{"rendered":"<p>CONCIERTO DE DESPEDIDA: con la participaci\u00f3n de Manolo Garc\u00eda, Eva Amaral, Miguel Campillo&#8230; el pr\u00f3ximo\u00a030 de julio en el Auditorio Natural de Lanuza, dentro del Festival Pirineos Sur. FINALMENTE, TAL Y COMO HA CONFIRMADO SU ENTORNO, MANOLO GARC\u00cdA NO ACOMPA\u00d1AR\u00c1 A OJOS DE BRUJO EN ESTE CONCIERTO. Ojos de Brujo celebra sus diez a\u00f1os de<a class=\"moretag\" href=\"https:\/\/www.manologarciaycia.com\/?p=1330\" title=\"MG: FINALMENTE Manolo no podr\u00e1 asistir al concierto despedida de Ojos de Brujo\" target=\"_self\" rel=\"follow\"> <font face=arial size=2>[Leer m\u00e1s]<\/font> <\/a><\/p>\n","protected":false},"author":2,"featured_media":0,"comment_status":"closed","ping_status":"closed","sticky":false,"template":"","format":"standard","meta":{"footnotes":""},"categories":[1,23],"tags":[214],"class_list":["post-1330","post","type-post","status-publish","format-standard","hentry","category-manolo-garcia","category-otros","tag-manolo-garcia-concierto-ojos-brujo-amaral-pirineos-sur"],"_links":{"self":[{"href":"https:\/\/www.manologarciaycia.com\/index.php?rest_route=\/wp\/v2\/posts\/1330","targetHints":{"allow":["GET"]}}],"collection":[{"href":"https:\/\/www.manologarciaycia.com\/index.php?rest_route=\/wp\/v2\/posts"}],"about":[{"href":"https:\/\/www.manologarciaycia.com\/index.php?rest_route=\/wp\/v2\/types\/post"}],"author":[{"embeddable":true,"href":"https:\/\/www.manologarciaycia.com\/index.php?rest_route=\/wp\/v2\/users\/2"}],"replies":[{"embeddable":true,"href":"https:\/\/www.manologarciaycia.com\/index.php?rest_route=%2Fwp%2Fv2%2Fcomments&post=1330"}],"version-history":[{"count":3,"href":"https:\/\/www.manologarciaycia.com\/index.php?rest_route=\/wp\/v2\/posts\/1330\/revisions"}],"predecessor-version":[{"id":1332,"href":"https:\/\/www.manologarciaycia.com\/index.php?rest_route=\/wp\/v2\/posts\/1330\/revisions\/1332"}],"wp:attachment":[{"href":"https:\/\/www.manologarciaycia.com\/index.php?rest_route=%2Fwp%2Fv2%2Fmedia&parent=1330"}],"wp:term":[{"taxonomy":"category","embeddable":true,"href":"https:\/\/www.manologarciaycia.com\/index.php?rest_route=%2Fwp%2Fv2%2Fcategories&post=1330"},{"taxonomy":"post_tag","embeddable":true,"href":"https:\/\/www.manologarciaycia.com\/index.php?rest_route=%2Fwp%2Fv2%2Ftags&post=1330"}],"curies":[{"name":"wp","href":"https:\/\/api.w.org\/{rel}","templated":true}]}}