{"id":13295,"date":"2015-09-20T13:03:08","date_gmt":"2015-09-20T11:03:08","guid":{"rendered":"http:\/\/www.manologarciaycia.com\/?p=13295"},"modified":"2015-09-20T13:03:08","modified_gmt":"2015-09-20T11:03:08","slug":"estan-locos-estos-barceloneses-el-col-lectiu-eternity","status":"publish","type":"post","link":"https:\/\/www.manologarciaycia.com\/?p=13295","title":{"rendered":"\u00abEst\u00e1n locos estos barceloneses\u00bb, El Col.lectiu Eternity"},"content":{"rendered":"<h2>Sisa, Joan Miquel Oliver y Quimi Portet \u00abtomaron\u00bb la catedral y Marinah la plaza de Catalunya.<\/h2>\n<p class=\"Cos\">En el centro de la ciudad la Merc\u00e8 2015 despeg\u00f3 al ritmo mestizo de Marinah, la que fuera cantante de Ojos de Brujo, en plena plaza de Catalunya. Un concierto que sirvi\u00f3 tambi\u00e9n para iniciar la parcela musical de la celebraci\u00f3n del vig\u00e9simo aniversario de la Mostra de Associacions.<\/p>\n<p class=\"Cos\">Un feliz comienzo en uno de los t\u00edpicos emplazamientos de la fiesta mayor barcelonesa que este a\u00f1o ha cambiado su fisonom\u00eda relegando a uno de los laterales de la plaza el tradicional escenario que se sol\u00eda situarse entre las dos fuentes. El cambio resta espectacularidad a la propuesta y le confiere una cierta intimidad que en el concierto del viernes se agradeci\u00f3 pero que, sin duda, quedar\u00eda totalmente desbordado si se hubieran programado actuaciones con importante tir\u00f3n popular, como otros a\u00f1os. Programa en mano da la impresi\u00f3n de que se quiere restar protagonismo festivo a la plaza de Catalunya y as\u00ed sucedi\u00f3 con la primera propuesta: se llenaron las sillas colocadas a pie de escenario pero no acudieron grandes mareas humanas para disfrutar de la actuaci\u00f3n de Marinah y Chicuelo y fue una l\u00e1stima porque la verdad es que el concierto hubiera merecido una plaza abarrotada, como quien dice a la antigua.<\/p>\n<p class=\"Cos\">La de Marinah sigue siendo una voz tan fascinante cono mestiza, en el sentido m\u00e1s amplio, profundo y agradecido de la palabra. Su propuesta nace de la rumba, o al menos eso parece aunque el ventilador brilla por su ausencia, y se pasea con soltura y desparpajo por todos los terrenos del flamenco y de la m\u00fasica latina. Composiciones redondas que se mecen en tierra de nadie e incitan constantemente al mene\u00edllo. Ah\u00ed Marinah ha encontrado un magn\u00edfico soporte en la guitarra de Chicuelo, siempre segura y penetrante. A pesar de estar bien acompa\u00f1ados por un tr\u00edo r\u00edtmico, los mejores momentos de la noche se alcanzaron cuando Marinah y Chicuelo se quedaron solos interpretado a Garc\u00eda Lorca. Un d\u00fao que puede dar mucho de que hablar.<\/p>\n<p class=\"Cos\">Pr\u00e1cticamente cuando Marinah y Chicuelo acababan su actuaci\u00f3n comenzaban los fastos en la plaza de la Catedral, esta conservando la atractiva estructura del pasado a\u00f1o con un escenario transparente en la escalinata ante la fachada catedralicia. A esa hora El Petit de Cal Eril y Free Spirits cocinaban una propuesta ca\u00f3tica y, por momentos, molesta. Todo lo contrario a lo que suced\u00eda en la plaza de Sant Jaume donde la banda barcelonesa Moussakis, liderada por el violinista Branislav Grbic, ofrec\u00eda un agradable paseo por diferentes sonoridades balc\u00e1nicas. Con una primera l\u00ednea de viol\u00f3n, clarinete y acorde\u00f3n, el grupo contagi\u00f3 ganas de bailar a una muchedumbre que casi llenaba la plaza inund\u00e1ndola todo de un buen rollo id\u00f3neo para una fiesta mayor.<\/p>\n<p class=\"Cos\">El plato fuerte de la noche en el centro de la ciudad lo protagonizaban Sisa, Joan Miquel Oliver y Quimi Portet ante la catedral. El tr\u00edo volvi\u00f3 a desplegar su humor c\u00ednico y <em>pujoliano<\/em> (de Pujols que no de Pujol) sobre m\u00fasicas sencillas pero tremendamente efectivas. Sisa en atuendo de cardenal gal\u00e1ctico fue la piedra sobre la que gir\u00f3 el espect\u00e1culo, pero fueron las guitarras de Portet i Oliver las que alcanzaron las cimas m\u00e1s altas. Una parte del p\u00fablico, la que ocupaba las hileras de sillas, disfrut\u00f3 a rabiar pero otra, los centenares de turistas que por all\u00ed pasaban sorprendidos, no parecieron entender nada y atravesaban la plaza con una sonrisa\u00a0<em>obelixiana<\/em> y cara de ir pensando aquello de <em>Est\u00e1n locos estos barceloneses<\/em>.<\/p>\n<p class=\"Cos\">Fuente: El Pa\u00eds &#8211; <a href=\"http:\/\/ccaa.elpais.com\/ccaa\/2015\/09\/19\/catalunya\/1442660923_052165.html\" target=\"_blank\">ENLACE<\/a><\/p>\n","protected":false},"excerpt":{"rendered":"<p>Sisa, Joan Miquel Oliver y Quimi Portet \u00abtomaron\u00bb la catedral y Marinah la plaza de Catalunya. En el centro de la ciudad la Merc\u00e8 2015 despeg\u00f3 al ritmo mestizo de Marinah, la que fuera cantante de Ojos de Brujo, en plena plaza de Catalunya. Un concierto que sirvi\u00f3 tambi\u00e9n para iniciar la parcela musical de<a class=\"moretag\" href=\"https:\/\/www.manologarciaycia.com\/?p=13295\" title=\"\u00abEst\u00e1n locos estos barceloneses\u00bb, El Col.lectiu Eternity\" target=\"_self\" rel=\"follow\"> <font face=arial size=2>[Leer m\u00e1s]<\/font> <\/a><\/p>\n","protected":false},"author":2,"featured_media":13296,"comment_status":"closed","ping_status":"closed","sticky":false,"template":"","format":"standard","meta":{"footnotes":""},"categories":[23,9],"tags":[],"class_list":["post-13295","post","type-post","status-publish","format-standard","has-post-thumbnail","hentry","category-otros","category-qumi-portet"],"_links":{"self":[{"href":"https:\/\/www.manologarciaycia.com\/index.php?rest_route=\/wp\/v2\/posts\/13295","targetHints":{"allow":["GET"]}}],"collection":[{"href":"https:\/\/www.manologarciaycia.com\/index.php?rest_route=\/wp\/v2\/posts"}],"about":[{"href":"https:\/\/www.manologarciaycia.com\/index.php?rest_route=\/wp\/v2\/types\/post"}],"author":[{"embeddable":true,"href":"https:\/\/www.manologarciaycia.com\/index.php?rest_route=\/wp\/v2\/users\/2"}],"replies":[{"embeddable":true,"href":"https:\/\/www.manologarciaycia.com\/index.php?rest_route=%2Fwp%2Fv2%2Fcomments&post=13295"}],"version-history":[{"count":1,"href":"https:\/\/www.manologarciaycia.com\/index.php?rest_route=\/wp\/v2\/posts\/13295\/revisions"}],"predecessor-version":[{"id":13297,"href":"https:\/\/www.manologarciaycia.com\/index.php?rest_route=\/wp\/v2\/posts\/13295\/revisions\/13297"}],"wp:featuredmedia":[{"embeddable":true,"href":"https:\/\/www.manologarciaycia.com\/index.php?rest_route=\/wp\/v2\/media\/13296"}],"wp:attachment":[{"href":"https:\/\/www.manologarciaycia.com\/index.php?rest_route=%2Fwp%2Fv2%2Fmedia&parent=13295"}],"wp:term":[{"taxonomy":"category","embeddable":true,"href":"https:\/\/www.manologarciaycia.com\/index.php?rest_route=%2Fwp%2Fv2%2Fcategories&post=13295"},{"taxonomy":"post_tag","embeddable":true,"href":"https:\/\/www.manologarciaycia.com\/index.php?rest_route=%2Fwp%2Fv2%2Ftags&post=13295"}],"curies":[{"name":"wp","href":"https:\/\/api.w.org\/{rel}","templated":true}]}}