{"id":13289,"date":"2015-09-18T08:59:52","date_gmt":"2015-09-18T06:59:52","guid":{"rendered":"http:\/\/www.manologarciaycia.com\/?p=13289"},"modified":"2015-09-18T08:59:52","modified_gmt":"2015-09-18T06:59:52","slug":"manolo-garcia-el-sabado-199-en-pagina-2-la-2","status":"publish","type":"post","link":"https:\/\/www.manologarciaycia.com\/?p=13289","title":{"rendered":"Manolo Garc\u00eda el s\u00e1bado 19\/9 en P\u00e1gina 2 (La 2)"},"content":{"rendered":"<p>300 programas de &#8216;P\u00e1gina Dos&#8217;. 300 citas con la mejor literatura. Un especial con algunas de nuestras novedades para esta temporada. Varios autores comparten con nosotros algunas de sus experiencias literarias. Entre otros, Julia Navarro, Javier Cercas, Enrique Vila-Matas, Mu\u00f1oz Molina. Este oto\u00f1o estrenamos horario. Ahora emitimos los s\u00e1bados a las 19&#8217;30 h.<\/p>\n<p>Estamos muy felices en P\u00e1gina Dos porque\u00a0<strong>este s\u00e1bado estrenamos la novena temporada<\/strong>\u00a0y lo hacemos con\u00a0<strong>nuestro programa 300.<\/strong><\/p>\n<p>Como no pod\u00eda ser de otra manera, hemos querido preparar un especial en el que presentaros algunas de nuestras novedades para esta temporada, y de paso,\u00a0<strong>invitar a varios autores para que compartan con nosotros algunas de sus experiencias literarias.<\/strong><\/p>\n<div class=\"section\">\n<h3><span class=\"ladillo\">La experiencia literaria<\/span><\/h3>\n<p>Por ejemplo,<strong>\u00a0Jenn D\u00edaz, Julia Navarro y Javier Cercas nos hablan del \u00e9xito<\/strong>, de c\u00f3mo se puede vivir de la literatura y de si el objetivo de todo escritor es intentar vivir de ella. Por otro lado,\u00a0<strong>Enrique Vila-Matas, Antonio Mu\u00f1oz Molina, Elena Medel y Andr\u00e9s Barba<\/strong>\u00a0nos han destacado tres t\u00edtulos imprescindibles en su canon literario. No os adelantamos nada pero vale la pena que coj\u00e1is papel y bol\u00edgrafo.Y por \u00faltimo,\u00a0<strong>Elvira Lindo, Luis Mateo D\u00edez y Cristina Fern\u00e1ndez Cubas<\/strong>, nos han mostrado una faceta menos conocida de ellos, la de lector.<\/p>\n<\/div>\n<div class=\"section\">\n<h3><span class=\"ladillo\">Nuevas secciones<\/span><\/h3>\n<p>Asimismo,<strong>\u00a0en este especial no pod\u00edan faltar nuevas secciones<\/strong>, aunque no estar\u00e1n todas las que vamos a estrenar en esta nueva temporada. Ser\u00e1n secciones quincenales, que permitir\u00e1n que cada semana el programa cambie y el espectador no sepa exactamente qu\u00e9 programa va a ver.<\/p>\n<p>M\u00e1s que nunca, P\u00e1gina Dos se convierte en una\u00a0<strong>revista televisiva de libros.<\/strong><\/p>\n<p>En este primer programa, presentamos la secci\u00f3n de\u00a0<strong>Rutas literarias,<\/strong>\u00a0en la que pretendemos animar a todos los espectadores\/lectores a que viajen a la geograf\u00eda de las novelas. La inauguramos con\u00a0<em>Soldados de Salamina<\/em>\u00a0de\u00a0<strong>Javier Cercas<\/strong>. Tambi\u00e9n recuperamos una secci\u00f3n que estuvo con nosotros en los inicios del programas, la de personajes conocidos de otros \u00e1mbitos profesionales que nos hablan de la relaci\u00f3n que mantienen con los libros.\u00a0<strong>El m\u00fasico Manolo Garc\u00eda\u00a0<\/strong>es nuestro primer invitado. Y por \u00faltimo, queremos hablaros de<strong>\u00a0aniversarios literarios<\/strong>\u00a0de todo tipo pero con un formato muy original. Lo podr\u00e9is comprobar con el que le hemos dedicado a los<strong>\u00a0125 a\u00f1os del nacimiento de Agatha Christie.<\/strong><\/p>\n<p>Tambi\u00e9n<strong>\u00a0cambia nuestra secci\u00f3n infantil<\/strong>, en la que cada semana dos cr\u00edticos muy pero que muy j\u00f3venes, nos recomendaran algunos libros.<\/p>\n<p>Y seguir\u00e1n las recomendaciones de adultos, las entrevistas, la buena m\u00fasica, y muchas m\u00e1s sorpresas que iremos mostrando a lo largo de las semanas.<\/p>\n<p>Tampoco hay que olvidar que este oto\u00f1o estrenamos horario.\u00a0<strong>Ahora P\u00e1gina Dos se emitir\u00e1 los s\u00e1bados a las 19&#8217;30 h<\/strong>. Os esperamos. No nos fall\u00e9is.<\/p>\n<\/div>\n<p>Fuente: P\u00e1gina 2 &#8211; <a href=\"http:\/\/www.rtve.es\/television\/20150917\/300-programas-pagina-dos-300-citas-mejor-literatura\/1220940.shtml\">ENLACE<\/a><\/p>\n","protected":false},"excerpt":{"rendered":"<p>300 programas de &#8216;P\u00e1gina Dos&#8217;. 300 citas con la mejor literatura. Un especial con algunas de nuestras novedades para esta temporada. Varios autores comparten con nosotros algunas de sus experiencias literarias. Entre otros, Julia Navarro, Javier Cercas, Enrique Vila-Matas, Mu\u00f1oz Molina. Este oto\u00f1o estrenamos horario. Ahora emitimos los s\u00e1bados a las 19&#8217;30 h. Estamos muy<a class=\"moretag\" href=\"https:\/\/www.manologarciaycia.com\/?p=13289\" title=\"Manolo Garc\u00eda el s\u00e1bado 19\/9 en P\u00e1gina 2 (La 2)\" target=\"_self\" rel=\"follow\"> <font face=arial size=2>[Leer m\u00e1s]<\/font> <\/a><\/p>\n","protected":false},"author":2,"featured_media":13290,"comment_status":"closed","ping_status":"closed","sticky":false,"template":"","format":"standard","meta":{"footnotes":""},"categories":[1],"tags":[],"class_list":["post-13289","post","type-post","status-publish","format-standard","has-post-thumbnail","hentry","category-manolo-garcia"],"_links":{"self":[{"href":"https:\/\/www.manologarciaycia.com\/index.php?rest_route=\/wp\/v2\/posts\/13289","targetHints":{"allow":["GET"]}}],"collection":[{"href":"https:\/\/www.manologarciaycia.com\/index.php?rest_route=\/wp\/v2\/posts"}],"about":[{"href":"https:\/\/www.manologarciaycia.com\/index.php?rest_route=\/wp\/v2\/types\/post"}],"author":[{"embeddable":true,"href":"https:\/\/www.manologarciaycia.com\/index.php?rest_route=\/wp\/v2\/users\/2"}],"replies":[{"embeddable":true,"href":"https:\/\/www.manologarciaycia.com\/index.php?rest_route=%2Fwp%2Fv2%2Fcomments&post=13289"}],"version-history":[{"count":1,"href":"https:\/\/www.manologarciaycia.com\/index.php?rest_route=\/wp\/v2\/posts\/13289\/revisions"}],"predecessor-version":[{"id":13291,"href":"https:\/\/www.manologarciaycia.com\/index.php?rest_route=\/wp\/v2\/posts\/13289\/revisions\/13291"}],"wp:featuredmedia":[{"embeddable":true,"href":"https:\/\/www.manologarciaycia.com\/index.php?rest_route=\/wp\/v2\/media\/13290"}],"wp:attachment":[{"href":"https:\/\/www.manologarciaycia.com\/index.php?rest_route=%2Fwp%2Fv2%2Fmedia&parent=13289"}],"wp:term":[{"taxonomy":"category","embeddable":true,"href":"https:\/\/www.manologarciaycia.com\/index.php?rest_route=%2Fwp%2Fv2%2Fcategories&post=13289"},{"taxonomy":"post_tag","embeddable":true,"href":"https:\/\/www.manologarciaycia.com\/index.php?rest_route=%2Fwp%2Fv2%2Ftags&post=13289"}],"curies":[{"name":"wp","href":"https:\/\/api.w.org\/{rel}","templated":true}]}}