{"id":1326,"date":"2011-04-20T19:31:14","date_gmt":"2011-04-20T18:31:14","guid":{"rendered":"http:\/\/petaos.net\/?p=1326"},"modified":"2011-04-24T18:42:42","modified_gmt":"2011-04-24T17:42:42","slug":"del-ultimo-de-la-fila-a-manolo-garcia-especial-20-anos-de-conciertos","status":"publish","type":"post","link":"https:\/\/www.manologarciaycia.com\/?p=1326","title":{"rendered":"Del \u00daltimo de la Fila a Manolo Garc\u00eda, especial 20 a\u00f1os de Conciertos"},"content":{"rendered":"<p>Con motivo del 20 Aniversario de Cadena Dial te ofrecemos una nueva entrega de unos directos \u00fanicos y memorables. El pr\u00f3ximo s\u00e1bado 23 de abril, Cadena Dial te ofrece una nueva entrega de 20 a\u00f1os de Conciertos.<\/p>\n<p>En esta ocasi\u00f3n, Rafa Cano es el conductor de un especial dedicado a la trayectoria profesional de Manolo Garc\u00eda, desde sus directos con el \u00daltimo de la Fila a los actuales en solitario.<\/p>\n<p>Con este especial Del \u00faltimo de la Fila a Manolo Garc\u00eda, presentado por Rafa Cano, ya son seis los programas dedicados a repasar los mejores directos de algunos de tus artistas favoritos: Mecano, Luz, Joaquin Sabina, Ricky Martin y El Gusto es Nuestro fueron los anteriores. Todos ellos puedes volver a escucharlos en el especial que encuentras en nuestra web.<\/p>\n<p>DESC\u00c1RGATE AQU\u00cd EL AUDIO DEL PROGRAMA COMPLETO: <a href=\"http:\/\/www.megaupload.com\/?d=VSOU0ZZC\" target=\"_blank\">ENLACE<\/a><\/p>\n<p>Fuente: Cadena Dial<\/p>\n","protected":false},"excerpt":{"rendered":"<p>Con motivo del 20 Aniversario de Cadena Dial te ofrecemos una nueva entrega de unos directos \u00fanicos y memorables. El pr\u00f3ximo s\u00e1bado 23 de abril, Cadena Dial te ofrece una nueva entrega de 20 a\u00f1os de Conciertos. En esta ocasi\u00f3n, Rafa Cano es el conductor de un especial dedicado a la trayectoria profesional de Manolo<a class=\"moretag\" href=\"https:\/\/www.manologarciaycia.com\/?p=1326\" title=\"Del \u00daltimo de la Fila a Manolo Garc\u00eda, especial 20 a\u00f1os de Conciertos\" target=\"_self\" rel=\"follow\"> <font face=arial size=2>[Leer m\u00e1s]<\/font> <\/a><\/p>\n","protected":false},"author":2,"featured_media":0,"comment_status":"closed","ping_status":"closed","sticky":false,"template":"","format":"standard","meta":{"footnotes":""},"categories":[3,1],"tags":[213],"class_list":["post-1326","post","type-post","status-publish","format-standard","hentry","category-el-ultimo-de-la-fila","category-manolo-garcia","tag-manolo-garcia-cadena-dial-concierto-especial"],"_links":{"self":[{"href":"https:\/\/www.manologarciaycia.com\/index.php?rest_route=\/wp\/v2\/posts\/1326","targetHints":{"allow":["GET"]}}],"collection":[{"href":"https:\/\/www.manologarciaycia.com\/index.php?rest_route=\/wp\/v2\/posts"}],"about":[{"href":"https:\/\/www.manologarciaycia.com\/index.php?rest_route=\/wp\/v2\/types\/post"}],"author":[{"embeddable":true,"href":"https:\/\/www.manologarciaycia.com\/index.php?rest_route=\/wp\/v2\/users\/2"}],"replies":[{"embeddable":true,"href":"https:\/\/www.manologarciaycia.com\/index.php?rest_route=%2Fwp%2Fv2%2Fcomments&post=1326"}],"version-history":[{"count":3,"href":"https:\/\/www.manologarciaycia.com\/index.php?rest_route=\/wp\/v2\/posts\/1326\/revisions"}],"predecessor-version":[{"id":1328,"href":"https:\/\/www.manologarciaycia.com\/index.php?rest_route=\/wp\/v2\/posts\/1326\/revisions\/1328"}],"wp:attachment":[{"href":"https:\/\/www.manologarciaycia.com\/index.php?rest_route=%2Fwp%2Fv2%2Fmedia&parent=1326"}],"wp:term":[{"taxonomy":"category","embeddable":true,"href":"https:\/\/www.manologarciaycia.com\/index.php?rest_route=%2Fwp%2Fv2%2Fcategories&post=1326"},{"taxonomy":"post_tag","embeddable":true,"href":"https:\/\/www.manologarciaycia.com\/index.php?rest_route=%2Fwp%2Fv2%2Ftags&post=1326"}],"curies":[{"name":"wp","href":"https:\/\/api.w.org\/{rel}","templated":true}]}}