{"id":13255,"date":"2015-09-09T08:34:07","date_gmt":"2015-09-09T06:34:07","guid":{"rendered":"http:\/\/www.manologarciaycia.com\/?p=13255"},"modified":"2015-09-18T08:55:06","modified_gmt":"2015-09-18T06:55:06","slug":"recorte-de-prensa-manolo-garcia-anuncia-gira-todo-es-ahora-2016","status":"publish","type":"post","link":"https:\/\/www.manologarciaycia.com\/?p=13255","title":{"rendered":"Recorte de Prensa: Manolo Garc\u00eda anuncia Gira Todo es Ahora 2016"},"content":{"rendered":"<p>Os dejamos aqu\u00ed los enlaces a varias noticias de prensa con la noticia que adelant\u00e1bamos ayer junto a Sony y PerroRecords del anuncio de la Gira Todo Es Ahora 2016 de Manolo Garc\u00eda:<\/p>\n<p>El Correo De Andaluc\u00eda:\u00a0<a href=\"http:\/\/elcorreoweb.es\/cultura\/manolo-garcia-ofrecera-un-concierto-en-sevilla-el-28-de-mayo-ND764186\" target=\"_blank\">http:\/\/elcorreoweb.es\/cultura\/manolo-garcia-ofrecera-un-concierto-en-sevilla-el-28-de-mayo-ND764186<\/a><\/p>\n<p>EuropaPress:\u00a0<a href=\"http:\/\/www.europapress.es\/cultura\/musica-00129\/noticia-manolo-garcia-anuncia-ocho-conciertos-proxima-primavera-20150910112656.html\" target=\"_blank\">http:\/\/www.europapress.es\/cultura\/musica-00129\/noticia-manolo-garcia-anuncia-ocho-conciertos-proxima-primavera-20150910112656.html<\/a><\/p>\n<p>ABC Sevilla:\u00a0<a href=\"http:\/\/sevilla.abc.es\/cultura\/musica\/20150910\/sevi-manolo-garcia-actuara-sevilla-201509101250.html\" target=\"_blank\">http:\/\/sevilla.abc.es\/cultura\/musica\/20150910\/sevi-manolo-garcia-actuara-sevilla-201509101250.html<\/a><\/p>\n<p>Diario de Sevilla:\u00a0<a href=\"http:\/\/www.diariodesevilla.es\/article\/ocio\/2108313\/manolo\/garcia\/vuelve\/sevilla\/mayo\/auditorio\/la\/cartuja.html\" target=\"_blank\">http:\/\/www.diariodesevilla.es\/article\/ocio\/2108313\/manolo\/garcia\/vuelve\/sevilla\/mayo\/auditorio\/la\/cartuja.html<\/a><\/p>\n<p>La Vanguardia:\u00a0<a href=\"http:\/\/www.lavanguardia.com\/ocio\/20150908\/54435167077\/manolo-garcia-nueva-gira-todo-es-ahora.html\" target=\"_blank\">http:\/\/www.lavanguardia.com\/ocio\/20150908\/54435167077\/manolo-garcia-nueva-gira-todo-es-ahora.html<\/a><\/p>\n<p>Eldiario.es:\u00a0<a href=\"http:\/\/www.eldiario.es\/cultura\/Manolo-Garcia-vuelve-grandes-escenarios_0_428708018.html\" target=\"_blank\">http:\/\/www.eldiario.es\/cultura\/Manolo-Garcia-vuelve-grandes-escenarios_0_428708018.html<\/a><\/p>\n<div class=\"text_exposed_show\">\n<p>Las Provincias:\u00a0<a href=\"http:\/\/www.lasprovincias.es\/culturas\/201509\/08\/manolo-garcia-actuara-plaza-20150908180811.html\" target=\"_blank\">http:\/\/www.lasprovincias.es\/culturas\/201509\/08\/manolo-garcia-actuara-plaza-20150908180811.html<\/a><\/p>\n<\/div>\n<p>Ideal:\u00a0<a href=\"http:\/\/www.ideal.es\/granada\/culturas\/musica\/201509\/08\/manolo-garcia-vuelve-grandes-20150908182830.html\">http:\/\/www.ideal.es\/granada\/culturas\/musica\/201509\/08\/manolo-garcia-vuelve-grandes-20150908182830.html<\/a><\/p>\n<p>El Periodico de Aragon:\u00a0<a href=\"http:\/\/www.elperiodicodearagon.com\/noticias\/escenarios\/manolo-garcia-anuncia-gira-todo-es-ahora-llega-zaragoza-29-abril_1051802.html\" target=\"_blank\">http:\/\/www.elperiodicodearagon.com\/noticias\/escenarios\/manolo-garcia-anuncia-gira-todo-es-ahora-llega-zaragoza-29-abril_1051802.html<\/a><\/p>\n<p>KissFm:\u00a0<a href=\"http:\/\/www.kissfm.es\/2015\/09\/08\/manolo-garcia-anuncia-gira\/\" target=\"_blank\">http:\/\/www.kissfm.es\/2015\/09\/08\/manolo-garcia-anuncia-gira\/<\/a><\/p>\n<p>EFE:\u00a0<a href=\"http:\/\/www.efe.com\/efe\/espana\/cultura\/manolo-garcia-vuelve-a-los-grandes-escenarios-para-la-gira-todo-es-ahora\/10005-2706960\" target=\"_blank\">http:\/\/www.efe.com\/efe\/espana\/cultura\/manolo-garcia-vuelve-a-los-grandes-escenarios-para-la-gira-todo-es-ahora\/10005-2706960<\/a><\/p>\n<p>Cadena Dial:\u00a0<a href=\"http:\/\/www.cadenadial.com\/2015\/manolo-garcia-el-tamano-si-importa-54644.html\" target=\"_blank\">http:\/\/www.cadenadial.com\/2015\/manolo-garcia-el-tamano-si-importa-54644.html<\/a><\/p>\n<p><span class=\"_58cl\">\u202a#\u200e<\/span><span class=\"_58cm\">ManoloGarc\u00eda\u202c<\/span> <span class=\"_58cl\">\u202a#\u200e<\/span><span class=\"_58cm\">TodoEsAhora\u202c<\/span> <span class=\"_58cl\">\u202a#\u200e<\/span><span class=\"_58cm\">Gira2016\u202c<\/span>\u00a0#SonyMusic #PerroRecords Salut!<\/p>\n","protected":false},"excerpt":{"rendered":"<p>Os dejamos aqu\u00ed los enlaces a varias noticias de prensa con la noticia que adelant\u00e1bamos ayer junto a Sony y PerroRecords del anuncio de la Gira Todo Es Ahora 2016 de Manolo Garc\u00eda: El Correo De Andaluc\u00eda:\u00a0http:\/\/elcorreoweb.es\/cultura\/manolo-garcia-ofrecera-un-concierto-en-sevilla-el-28-de-mayo-ND764186 EuropaPress:\u00a0http:\/\/www.europapress.es\/cultura\/musica-00129\/noticia-manolo-garcia-anuncia-ocho-conciertos-proxima-primavera-20150910112656.html ABC Sevilla:\u00a0http:\/\/sevilla.abc.es\/cultura\/musica\/20150910\/sevi-manolo-garcia-actuara-sevilla-201509101250.html Diario de Sevilla:\u00a0http:\/\/www.diariodesevilla.es\/article\/ocio\/2108313\/manolo\/garcia\/vuelve\/sevilla\/mayo\/auditorio\/la\/cartuja.html La Vanguardia:\u00a0http:\/\/www.lavanguardia.com\/ocio\/20150908\/54435167077\/manolo-garcia-nueva-gira-todo-es-ahora.html Eldiario.es:\u00a0http:\/\/www.eldiario.es\/cultura\/Manolo-Garcia-vuelve-grandes-escenarios_0_428708018.html Las Provincias:\u00a0http:\/\/www.lasprovincias.es\/culturas\/201509\/08\/manolo-garcia-actuara-plaza-20150908180811.html Ideal:\u00a0http:\/\/www.ideal.es\/granada\/culturas\/musica\/201509\/08\/manolo-garcia-vuelve-grandes-20150908182830.html El Periodico de Aragon:\u00a0http:\/\/www.elperiodicodearagon.com\/noticias\/escenarios\/manolo-garcia-anuncia-gira-todo-es-ahora-llega-zaragoza-29-abril_1051802.html KissFm:\u00a0http:\/\/www.kissfm.es\/2015\/09\/08\/manolo-garcia-anuncia-gira\/ EFE:\u00a0http:\/\/www.efe.com\/efe\/espana\/cultura\/manolo-garcia-vuelve-a-los-grandes-escenarios-para-la-gira-todo-es-ahora\/10005-2706960<a class=\"moretag\" href=\"https:\/\/www.manologarciaycia.com\/?p=13255\" title=\"Recorte de Prensa: Manolo Garc\u00eda anuncia Gira Todo es Ahora 2016\" target=\"_self\" rel=\"follow\"> <font face=arial size=2>[Leer m\u00e1s]<\/font> <\/a><\/p>\n","protected":false},"author":2,"featured_media":13257,"comment_status":"closed","ping_status":"closed","sticky":false,"template":"","format":"standard","meta":{"footnotes":""},"categories":[1],"tags":[],"class_list":["post-13255","post","type-post","status-publish","format-standard","has-post-thumbnail","hentry","category-manolo-garcia"],"_links":{"self":[{"href":"https:\/\/www.manologarciaycia.com\/index.php?rest_route=\/wp\/v2\/posts\/13255","targetHints":{"allow":["GET"]}}],"collection":[{"href":"https:\/\/www.manologarciaycia.com\/index.php?rest_route=\/wp\/v2\/posts"}],"about":[{"href":"https:\/\/www.manologarciaycia.com\/index.php?rest_route=\/wp\/v2\/types\/post"}],"author":[{"embeddable":true,"href":"https:\/\/www.manologarciaycia.com\/index.php?rest_route=\/wp\/v2\/users\/2"}],"replies":[{"embeddable":true,"href":"https:\/\/www.manologarciaycia.com\/index.php?rest_route=%2Fwp%2Fv2%2Fcomments&post=13255"}],"version-history":[{"count":10,"href":"https:\/\/www.manologarciaycia.com\/index.php?rest_route=\/wp\/v2\/posts\/13255\/revisions"}],"predecessor-version":[{"id":13285,"href":"https:\/\/www.manologarciaycia.com\/index.php?rest_route=\/wp\/v2\/posts\/13255\/revisions\/13285"}],"wp:featuredmedia":[{"embeddable":true,"href":"https:\/\/www.manologarciaycia.com\/index.php?rest_route=\/wp\/v2\/media\/13257"}],"wp:attachment":[{"href":"https:\/\/www.manologarciaycia.com\/index.php?rest_route=%2Fwp%2Fv2%2Fmedia&parent=13255"}],"wp:term":[{"taxonomy":"category","embeddable":true,"href":"https:\/\/www.manologarciaycia.com\/index.php?rest_route=%2Fwp%2Fv2%2Fcategories&post=13255"},{"taxonomy":"post_tag","embeddable":true,"href":"https:\/\/www.manologarciaycia.com\/index.php?rest_route=%2Fwp%2Fv2%2Ftags&post=13255"}],"curies":[{"name":"wp","href":"https:\/\/api.w.org\/{rel}","templated":true}]}}