{"id":13246,"date":"2015-09-08T15:19:53","date_gmt":"2015-09-08T13:19:53","guid":{"rendered":"http:\/\/www.manologarciaycia.com\/?p=13246"},"modified":"2015-10-22T20:41:29","modified_gmt":"2015-10-22T18:41:29","slug":"manolo-garcia-anuncia-gira-todo-es-ahora-2016","status":"publish","type":"post","link":"https:\/\/www.manologarciaycia.com\/?p=13246","title":{"rendered":"MANOLO GARC\u00cdA ANUNCIA GIRA \u201cTODO ES AHORA\u201d 2016"},"content":{"rendered":"<p><u>El artista presentar\u00e1 su \u00faltimo trabajo con los m\u00fasicos americanos que participaron en la grabaci\u00f3n, en una gira corta y de grandes recintos (Granada, Bilbao, Zaragoza, Gij\u00f3n, Barcelona, Madrid, Valencia y Sevilla)<\/u><\/p>\n<p><strong>Manolo Garc\u00eda<\/strong> vuelve a los grandes escenarios. Despu\u00e9s de sus dos \u00faltimas giras, en las que pase\u00f3 sus canciones por teatros y auditorios, el artista acaba de anunciar su regreso a los recintos de gran tama\u00f1o, en los que se presentar\u00e1 con doble banda: el grupo de m\u00fasicos americanos con los que grab\u00f3 en Nueva York <em>Todo es ahora<\/em>, su \u00faltimo trabajo, y su banda habitual de directo.<\/p>\n<p>El pr\u00f3ximo <em>22 de septiembre se pondr\u00e1n a la venta<\/em> las localidades de la gira, que ser\u00e1 intensa pero m\u00e1s corta de lo que es habitual en el artista. <strong>Granada, Bilbao, Zaragoza, Gij\u00f3n, Barcelona, Madrid, Valencia y Sevilla<\/strong> ser\u00e1n las ciudades donde se podr\u00e1 disfrutar de su nuevo directo. El tour s\u00f3lo recalar\u00e1 en estas ciudades, ya que m\u00e1s adelante est\u00e1n previstas s\u00f3lo seis actuaciones en peque\u00f1o formato en distintos festivales.<\/p>\n<p>Garc\u00eda, que no tocaba en grandes recintos desde su gira de 2008-2009, presenta como gran novedad esa doble banda que le acompa\u00f1ar\u00e1 en el escenario. As\u00ed, adem\u00e1s de su habitual equipo de directo, formado por <em>Ricardo Mar\u00edn, Juan Carlos Garc\u00eda, Albert Serrano, I\u00f1igo Goldaracena<\/em>,&#8230;, en esta ocasi\u00f3n le acompa\u00f1ar\u00e1n tambi\u00e9n los m\u00fasicos de la escena neoyorquina con los que grab\u00f3 su \u00faltimo disco. <em>Earl Slick y Gerry Leonard a las guitarras, Zachary Alford a la bater\u00eda y Jack Daley<\/em> al bajo; m\u00fasicos que cuentan en sus curr\u00edculums nombres como <em>David Bowie, Lenny Kravitz, Bruce Springsteen o John Lennon<\/em>, toda una garant\u00eda para este nuevo tour<em>.<\/em><\/p>\n<p>Con este lujoso y extenso elenco de m\u00fasicos, el concierto se vertebrar\u00e1 en dos partes deferentes. En la primera, los m\u00fasicos de Nueva York le acompa\u00f1ar\u00e1n en las canciones de sus dos \u00faltimos discos, <em>Todo es ahora <\/em>y <em>Los d\u00edas intactos<\/em>, ambos grabados con artistas estadounidenses. Ya en la segunda parte del espect\u00e1culo, el grupo habitual interpretar\u00e1 canciones de sus anteriores trabajos en solitario, as\u00ed como algunas canciones de sus anteriores formaciones, <em>El \u00daltimo de la fila, Los Burros <\/em>y<em> Los R\u00e1pidos<\/em>.<\/p>\n<p>Tras esta gira, Manolo Garc\u00eda se volcar\u00e1 ya en la composici\u00f3n y grabaci\u00f3n de su pr\u00f3ximo trabajo de estudio, que tomar\u00e1 el relevo de <em>Todo es ahora. <\/em>Publicado el pasado oto\u00f1o, <em>Todo es ahora <\/em>es b\u00e1sicamente un disco de rock, aunque rebosante de esas emociones que Manolo Garc\u00eda sabe transmitir como muy pocos artistas en nuestro pa\u00eds.<\/p>\n<p>Desde el mismo momento de su publicaci\u00f3n, el \u00e1lbum se instal\u00f3 entre los \u00e1lbumes m\u00e1s vendidos en Espa\u00f1a. El p\u00fablico lo catapult\u00f3 r\u00e1pidamente hasta el doble disco de platino, un merecido reconocimiento para un artista honesto y talentoso en absoluta plenitud.<\/p>\n<p><span style=\"text-decoration: underline;\"><strong>Gira Todo es ahora:<\/strong><\/span><\/p>\n<p>Granada, (por cerrar), Palacio de deportes<\/p>\n<p>Bilbao, 23 abril, Bilbao Arena Miribilla<\/p>\n<p>Zaragoza, 29 abril, Pabell\u00f3n Pr\u00edncipe Felipe<\/p>\n<p>Gij\u00f3n, 7 mayo, Palacio de deportes<\/p>\n<p>Barcelona, 14 mayo, Parc del F\u00f2rum<\/p>\n<p>Madrid, 21 mayo, Barclaycard Center<\/p>\n<p>Valencia, 26 mayo, Plaza de toros<\/p>\n<p>Sevilla, 28 mayo, Auditorio Roc\u00edo Jurado<\/p>\n<p>Fuente: Manolo Garc\u00eda &#8211; PerroRecords &#8211; <a href=\"http:\/\/www.manolo-garcia.com\" target=\"_blank\">http:\/\/www.manolo-garcia.com<\/a><\/p>\n","protected":false},"excerpt":{"rendered":"<p>El artista presentar\u00e1 su \u00faltimo trabajo con los m\u00fasicos americanos que participaron en la grabaci\u00f3n, en una gira corta y de grandes recintos (Granada, Bilbao, Zaragoza, Gij\u00f3n, Barcelona, Madrid, Valencia y Sevilla) Manolo Garc\u00eda vuelve a los grandes escenarios. Despu\u00e9s de sus dos \u00faltimas giras, en las que pase\u00f3 sus canciones por teatros y auditorios,<a class=\"moretag\" href=\"https:\/\/www.manologarciaycia.com\/?p=13246\" title=\"MANOLO GARC\u00cdA ANUNCIA GIRA \u201cTODO ES AHORA\u201d 2016\" target=\"_self\" rel=\"follow\"> <font face=arial size=2>[Leer m\u00e1s]<\/font> <\/a><\/p>\n","protected":false},"author":2,"featured_media":13304,"comment_status":"closed","ping_status":"closed","sticky":false,"template":"","format":"standard","meta":{"footnotes":""},"categories":[1],"tags":[],"class_list":["post-13246","post","type-post","status-publish","format-standard","has-post-thumbnail","hentry","category-manolo-garcia"],"_links":{"self":[{"href":"https:\/\/www.manologarciaycia.com\/index.php?rest_route=\/wp\/v2\/posts\/13246","targetHints":{"allow":["GET"]}}],"collection":[{"href":"https:\/\/www.manologarciaycia.com\/index.php?rest_route=\/wp\/v2\/posts"}],"about":[{"href":"https:\/\/www.manologarciaycia.com\/index.php?rest_route=\/wp\/v2\/types\/post"}],"author":[{"embeddable":true,"href":"https:\/\/www.manologarciaycia.com\/index.php?rest_route=\/wp\/v2\/users\/2"}],"replies":[{"embeddable":true,"href":"https:\/\/www.manologarciaycia.com\/index.php?rest_route=%2Fwp%2Fv2%2Fcomments&post=13246"}],"version-history":[{"count":5,"href":"https:\/\/www.manologarciaycia.com\/index.php?rest_route=\/wp\/v2\/posts\/13246\/revisions"}],"predecessor-version":[{"id":13529,"href":"https:\/\/www.manologarciaycia.com\/index.php?rest_route=\/wp\/v2\/posts\/13246\/revisions\/13529"}],"wp:featuredmedia":[{"embeddable":true,"href":"https:\/\/www.manologarciaycia.com\/index.php?rest_route=\/wp\/v2\/media\/13304"}],"wp:attachment":[{"href":"https:\/\/www.manologarciaycia.com\/index.php?rest_route=%2Fwp%2Fv2%2Fmedia&parent=13246"}],"wp:term":[{"taxonomy":"category","embeddable":true,"href":"https:\/\/www.manologarciaycia.com\/index.php?rest_route=%2Fwp%2Fv2%2Fcategories&post=13246"},{"taxonomy":"post_tag","embeddable":true,"href":"https:\/\/www.manologarciaycia.com\/index.php?rest_route=%2Fwp%2Fv2%2Ftags&post=13246"}],"curies":[{"name":"wp","href":"https:\/\/api.w.org\/{rel}","templated":true}]}}