{"id":13216,"date":"2015-09-04T08:28:21","date_gmt":"2015-09-04T06:28:21","guid":{"rendered":"http:\/\/www.manologarciaycia.com\/?p=13216"},"modified":"2015-09-04T08:28:21","modified_gmt":"2015-09-04T06:28:21","slug":"mas-de-30-artistas-del-pop-espanol-celebran-25-aniversario-de-emisora-musical","status":"publish","type":"post","link":"https:\/\/www.manologarciaycia.com\/?p=13216","title":{"rendered":"M\u00e1s de 30 artistas del pop espa\u00f1ol celebran 25 aniversario de emisora musical"},"content":{"rendered":"<p class=\"mce\">M\u00e1s de 30 artistas del pop en espa\u00f1ol hicieron vibrar hoy en Madrid a 15.000 personas en un concierto para celebrar con la emisora musical Cadena Dial su 25 aniversario, una velada que culmin\u00f3 con el tema \u00abLa m\u00fasica no se toca\u00bb cantado por todos los invitados.<\/p>\n<p class=\"mce\">As\u00ed, grandes nombres del pop en espa\u00f1ol como Alejandro Sanz, Mal\u00fa, Dani Mart\u00edn y Pablo Albor\u00e1n interpretaron en el Palacio de los Deportes de Madrid sus temas m\u00e1s conocidos para conmemorar las bodas de plata de Cadena Dial.<\/p>\n<div class=\"no-adv-socios\"><\/div>\n<p class=\"mce\">Las sorpresas llegaron ya rozando la medianoche, con la ausencia de Marta S\u00e1nchez y la actuaci\u00f3n no prevista de Man\u00e1, que ha cantado \u00abLabios compartidos\u00bb, as\u00ed como con el broche de oro del concierto: una actuaci\u00f3n conjunta de todos los artistas, que fueron subiendo uno a uno al escenario para unirse a la voz de Alejandro Sanz en \u00abLa m\u00fasica no se toca\u00bb.<\/p>\n<p class=\"mce\">El p\u00fablico, que destac\u00f3 por su energ\u00eda, aclam\u00f3 todas las canciones de la noche, pero donde hizo sonar sus voces con m\u00e1s intensidad fue en temas como \u00abCon s\u00f3lo una sonrisa\u00bb, de Melendi; \u00abMe falta el aliento\u00bb de los hermanos David y Jos\u00e9 Manuel Mu\u00f1oz, Estopa; \u00abP\u00e1jaros de barro\u00bb, de Manolo Garc\u00eda, o con \u00abPara\u00edso\u00bb, del grupo Dvicio, la nota joven de la velada.<\/p>\n<p class=\"mce\">Entre v\u00edtores provocados por el inicio de la cita a manos de la banda de m\u00fasica en directo que acompa\u00f1\u00f3 a todos los artistas -y en la que despunt\u00f3 su bater\u00eda-, Rev\u00f3lver irrumpi\u00f3 de un salto en el escenario y calent\u00f3 los motores del concierto aniversario de Cadena Dial.<\/p>\n<p class=\"mce\">Tras \u00e9l, Merche provoc\u00f3 una respuesta ensordecedora del p\u00fablico ante su grito de \u00ab\u00a1Arriba, Madrid!\u00bb en mitad de su conocido tema \u00abAbre tu mente\u00bb y as\u00ed prepar\u00f3 el camino para Antonio Orozco y \u00abEl Viaje\u00bb y para la rumba de Macaco y \u00abTengo\u00bb.<\/p>\n<p class=\"mce\">Las voces de Amaia Montero e India Mart\u00ednez les siguieron para dar el pistoletazo de salida a la cita.<\/p>\n<p class=\"mce\">Y a ellos se han sumado durante casi tres horas de concierto una treintena de artistas del pop en espa\u00f1ol que han acompa\u00f1ado antes o despu\u00e9s a Cadena Dial durante estos 25 a\u00f1os.<\/p>\n<p class=\"mce\">Por las tablas del Palacio de Deportes de Madrid han desfilado nombres habituales en las ondas de la emisora, como Carlos Baute con \u00abColgando en tus manos\u00bb; David Bustamante y el optimista \u00abFeliz\u00bb; Celtas Cortos con su c\u00e9lebre \u00ab20 de abril\u00bb o Miguel Bos\u00e9, dedicando a \u00ablas rubias, las morenas y las pelirrojas\u00bb su \u00abMorena m\u00eda\u00bb.<\/p>\n<p class=\"mce\">No faltaron en la fiesta artistas consagrados que estuvieron presentes en parte de este cuarto de sigo, como Rosana, que cant\u00f3 parte de sus \u00abA fuego lento\u00bb y \u00abEl talism\u00e1n\u00bb; Ana Torroja, con \u00abBarco a Venus\u00bb; Sergio Dalma y \u00abGalilea\u00bb; Hombres G entonando el \u00abVoy a pas\u00e1rmelo bien\u00bb o Rosario, que protagoniz\u00f3 un emotivo momento cantando al un\u00edsono con los 15.000 asistentes \u00abNo dudar\u00eda\u00bb.<\/p>\n<p class=\"mce\">Para completar el plantel de artistas que celebraron este cumplea\u00f1os, Manuel Carrasco, Antonio Carmona, Vanesa Mart\u00edn, Axel, Presuntos Implicados y El Arrebato ofrecieron sus temas m\u00e1s reconocidos al p\u00fablico, que no par\u00f3 de gritar en toda la noche.<\/p>\n<p class=\"mce\">Horas antes de que diera inicio el concierto, los artistas coincid\u00edan en el &#8216;photocall&#8217; previo en lo \u00abfelices\u00bb que se sent\u00edan al estar presentes en el aniversario de una emisora \u00abque siempre ha apoyado a los compositores y a la m\u00fasica en espa\u00f1ol\u00bb, tal y como apunt\u00f3 a Efe Ana Torroja, que a\u00f1adi\u00f3 que con Cadena Dial \u00abla m\u00fasica no muere\u00bb.<\/p>\n<p class=\"mce\">\u00abEn Cadena Dial tuve mi primera entrevista con 19 a\u00f1itos y ese d\u00eda cuando iba en el coche escuch\u00e9 mi &#8216;single&#8217;, &#8216;Adem\u00e1s de ti&#8217;, y 14 a\u00f1os despu\u00e9s aqu\u00ed seguimos\u00bb, expres\u00f3 el cantante David Bustamente, enfundado en un elegante traje negro de \u00c1lvaro Moreno, para hablar de su recuerdo m\u00e1s especial ligado a esta emisora.<\/p>\n<p class=\"mce\">Todos los invitados ten\u00edan an\u00e9cdotas que contar sobre su experiencia en Cadena Dial, como los deseos de Dani Mart\u00edn de aparecer en esa radio \u00abcuando era peque\u00f1o y la pon\u00eda su madre\u00bb, y sobre todo ganas de celebrar sus bodas de plata sobre el escenario, como demostraron despu\u00e9s, haciendo vibrar al p\u00fablico.<\/p>\n<p class=\"mce\">Con un p\u00fablico entregado, formado por j\u00f3venes y no tan j\u00f3venes, el Palacio de Deportes abarrotado y tres horas de m\u00fasica en espa\u00f1ol capitaneadas por Alejandro Sanz, Cadena Dial sopl\u00f3 las velas de sus primeros 25 a\u00f1os, esperando, tal vez, seguir sonando en las radios espa\u00f1olas otro cuarto de siglo m\u00e1s.<\/p>\n<p class=\"mce\">Fuente: El Diario &#8211; <a href=\"http:\/\/www.eldiario.es\/cultura\/artistas-espanol-celebran-aniversario-emisora_0_427307290.html\" target=\"_blank\">ENLACE<\/a><\/p>\n","protected":false},"excerpt":{"rendered":"<p>M\u00e1s de 30 artistas del pop en espa\u00f1ol hicieron vibrar hoy en Madrid a 15.000 personas en un concierto para celebrar con la emisora musical Cadena Dial su 25 aniversario, una velada que culmin\u00f3 con el tema \u00abLa m\u00fasica no se toca\u00bb cantado por todos los invitados. As\u00ed, grandes nombres del pop en espa\u00f1ol como<a class=\"moretag\" href=\"https:\/\/www.manologarciaycia.com\/?p=13216\" title=\"M\u00e1s de 30 artistas del pop espa\u00f1ol celebran 25 aniversario de emisora musical\" target=\"_self\" rel=\"follow\"> <font face=arial size=2>[Leer m\u00e1s]<\/font> <\/a><\/p>\n","protected":false},"author":2,"featured_media":13217,"comment_status":"closed","ping_status":"closed","sticky":false,"template":"","format":"standard","meta":{"footnotes":""},"categories":[1],"tags":[],"class_list":["post-13216","post","type-post","status-publish","format-standard","has-post-thumbnail","hentry","category-manolo-garcia"],"_links":{"self":[{"href":"https:\/\/www.manologarciaycia.com\/index.php?rest_route=\/wp\/v2\/posts\/13216","targetHints":{"allow":["GET"]}}],"collection":[{"href":"https:\/\/www.manologarciaycia.com\/index.php?rest_route=\/wp\/v2\/posts"}],"about":[{"href":"https:\/\/www.manologarciaycia.com\/index.php?rest_route=\/wp\/v2\/types\/post"}],"author":[{"embeddable":true,"href":"https:\/\/www.manologarciaycia.com\/index.php?rest_route=\/wp\/v2\/users\/2"}],"replies":[{"embeddable":true,"href":"https:\/\/www.manologarciaycia.com\/index.php?rest_route=%2Fwp%2Fv2%2Fcomments&post=13216"}],"version-history":[{"count":1,"href":"https:\/\/www.manologarciaycia.com\/index.php?rest_route=\/wp\/v2\/posts\/13216\/revisions"}],"predecessor-version":[{"id":13218,"href":"https:\/\/www.manologarciaycia.com\/index.php?rest_route=\/wp\/v2\/posts\/13216\/revisions\/13218"}],"wp:featuredmedia":[{"embeddable":true,"href":"https:\/\/www.manologarciaycia.com\/index.php?rest_route=\/wp\/v2\/media\/13217"}],"wp:attachment":[{"href":"https:\/\/www.manologarciaycia.com\/index.php?rest_route=%2Fwp%2Fv2%2Fmedia&parent=13216"}],"wp:term":[{"taxonomy":"category","embeddable":true,"href":"https:\/\/www.manologarciaycia.com\/index.php?rest_route=%2Fwp%2Fv2%2Fcategories&post=13216"},{"taxonomy":"post_tag","embeddable":true,"href":"https:\/\/www.manologarciaycia.com\/index.php?rest_route=%2Fwp%2Fv2%2Ftags&post=13216"}],"curies":[{"name":"wp","href":"https:\/\/api.w.org\/{rel}","templated":true}]}}